{"id":4629,"date":"2024-10-26T12:25:52","date_gmt":"2024-10-26T12:25:52","guid":{"rendered":"https:\/\/conference2024.crta.rs\/?p=4629"},"modified":"2024-10-26T12:25:52","modified_gmt":"2024-10-26T12:25:52","slug":"iz-diplomatske-perspektive-o-izborima-evropske-vrednosti-profesionalni-mediji-i-primena-preporuka-bez-gubljenja-vremena","status":"publish","type":"post","link":"https:\/\/conference2024.crta.rs\/sr\/vesti\/iz-diplomatske-perspektive-o-izborima-evropske-vrednosti-profesionalni-mediji-i-primena-preporuka-bez-gubljenja-vremena\/","title":{"rendered":"Iz diplomatske perspektive o izborima: Evropske vrednosti, profesionalni mediji i primena preporuka, bez gubljenja vremena"},"content":{"rendered":"<p><span style=\"font-weight: 400;\">Za ocenu i unapre\u0111enje izbornog procesa postoje jasni me\u0111unarodni standardi, a klju\u010dne preporuke treba da se sprovedu \u0161to br\u017ee, upravo u me\u0111uizbornom periodu. Tema EU integracija nije bila naro\u010dito vidljiva tokom izbora u Srbiji, ranije preporuke ODIHR-a nisu primenjene. Mediji i demokratske institucije va\u017ean su deo evropskog puta.\u00a0<\/span><\/p>\n<p><span style=\"font-weight: 400;\">To su neki od zaklju\u010daka iz diplomatske perspektive na panelu na kojem su govorili ambasadorka Kristin Melsom (Ambasada Kraljevine Norve\u0161ke u Srbiji), ambasador Edvard Ferguson (Britanska ambasada u Srbiji) i ambasador Emanuel \u017diofre (Delegacija EU u Srbiji). Govornici cu bili saglasni u jednom, da je uloga ambasadora, izme\u0111u ostalog, da ohrabre, savetuju i pomognu, rade\u0107i sa svima koji \u017eele da dru\u0161tvo napreduje, po\u0161tuju\u0107i evropske vrednosti &#8211; bilo u vladi, parlamentu ili civilnom dru\u0161tvu.\u00a0<\/span><\/p>\n<p><i><span style=\"font-weight: 400;\">\u201cNe me\u0161amo se u doma\u0107e poslove, ne diktiramo na\u010din na koji stvari treba da se obave. Ali radimo s razli\u010ditim delovima dru\u0161tva i taj posao je intenzivan, moramo da radimo zajedno\u201d<\/span><\/i><span style=\"font-weight: 400;\">, rekao je \u017diofre, nagla\u0161avaju\u0107i da svako anga\u017eovanje Delegacije ima pre svega cilj da Srbija postane \u010dlan EU.<\/span><\/p>\n<p><span style=\"font-weight: 400;\">Ambasador Ferguson posebno se osvrnuo na ulogu javnih servisa.\u00a0<\/span><\/p>\n<p><i><span style=\"font-weight: 400;\">\u201cSrbija je suverena zemlja koja sama donosi svoje odluke. Ali, postoje odluke koje moraju da se donesu kako bi Srbija pristupila EU\u201d,<\/span><\/i><span style=\"font-weight: 400;\"> rekao je Ferguson, uz osvrt na va\u017enu ulogu ODIHR-a koji treba da do\u0111e i posmatra izbore ovde. Porede\u0107i izbore u Velikoj Britaniji i Srbiji, kao va\u017enu stvar iz njegove zemlje prepoznao je to \u0161to gra\u0111ani Velike Britanije u medijima vide i vladu i opoziciju, dakle razli\u010dite perspektive, i to ne samo na BBC, ve\u0107 i na drugim kanalima.<\/span><\/p>\n<p><span style=\"font-weight: 400;\">Norve\u0161ku ambasadorku je najvi\u0161e iznenadilo, kako je rekla, izve\u0161tavanje medija i podr\u0161ka i vreme koje je dobila jedna partija.<\/span><\/p>\n<p><i><span style=\"font-weight: 400;\">\u201cKod nas postoje debate i vreme za svaku partiju, vreme za razgovor i to se striktno po\u0161tuje. Razli\u010dite politike su mnogo vi\u0161e na dnevnom redu\u201d<\/span><\/i><span style=\"font-weight: 400;\">, rekla je Melsom, uz poja\u0161njenje da je njena najve\u0107a briga &#8211; nepoznati akteri i figure koje imaju uticaj na izbore, \u201ckako se hvatati u ko\u0161tac, kako se boriti protiv toga\u201d.<\/span><\/p>\n","protected":false},"excerpt":{"rendered":"<p>Za ocenu i unapre\u0111enje izbornog procesa postoje jasni me\u0111unarodni standardi, a klju\u010dne preporuke treba da se sprovedu \u0161to br\u017ee, upravo u me\u0111uizbornom periodu. Tema EU integracija nije bila naro\u010dito vidljiva tokom izbora u Srbiji, ranije preporuke ODIHR-a nisu primenjene. Mediji i demokratske institucije va\u017ean su deo evropskog puta.\u00a0 To su neki od zaklju\u010daka iz diplomatske<\/p>\n","protected":false},"author":2,"featured_media":4630,"comment_status":"closed","ping_status":"closed","sticky":false,"template":"","format":"standard","meta":{"footnotes":""},"categories":[58],"tags":[],"class_list":["post-4629","post","type-post","status-publish","format-standard","has-post-thumbnail","hentry","category-vesti"],"yoast_head":"<!-- This site is optimized with the Yoast SEO plugin v27.4 - https:\/\/yoast.com\/product\/yoast-seo-wordpress\/ -->\n<title>Iz diplomatske perspektive o izborima: Evropske vrednosti, profesionalni mediji i primena preporuka, bez gubljenja vremena - Conference 2024<\/title>\n<meta name=\"robots\" content=\"index, follow, max-snippet:-1, max-image-preview:large, max-video-preview:-1\" \/>\n<link rel=\"canonical\" href=\"https:\/\/conference2024.crta.rs\/sr\/vesti\/iz-diplomatske-perspektive-o-izborima-evropske-vrednosti-profesionalni-mediji-i-primena-preporuka-bez-gubljenja-vremena\/\" \/>\n<meta property=\"og:locale\" content=\"sr_RS\" \/>\n<meta property=\"og:type\" content=\"article\" \/>\n<meta property=\"og:title\" content=\"Iz diplomatske perspektive o izborima: Evropske vrednosti, profesionalni mediji i primena preporuka, bez gubljenja vremena - Conference 2024\" \/>\n<meta property=\"og:description\" content=\"Za ocenu i unapre\u0111enje izbornog procesa postoje jasni me\u0111unarodni standardi, a klju\u010dne preporuke treba da se sprovedu \u0161to br\u017ee, upravo u me\u0111uizbornom periodu. Tema EU integracija nije bila naro\u010dito vidljiva tokom izbora u Srbiji, ranije preporuke ODIHR-a nisu primenjene. Mediji i demokratske institucije va\u017ean su deo evropskog puta.\u00a0 To su neki od zaklju\u010daka iz diplomatske\" \/>\n<meta property=\"og:url\" content=\"https:\/\/conference2024.crta.rs\/sr\/vesti\/iz-diplomatske-perspektive-o-izborima-evropske-vrednosti-profesionalni-mediji-i-primena-preporuka-bez-gubljenja-vremena\/\" \/>\n<meta property=\"og:site_name\" content=\"Conference 2024\" \/>\n<meta property=\"article:published_time\" content=\"2024-10-26T12:25:52+00:00\" \/>\n<meta property=\"og:image\" content=\"https:\/\/conference2024.crta.rs\/wp-content\/uploads\/2024\/10\/MRI_4998-1.jpg\" \/>\n\t<meta property=\"og:image:width\" content=\"1620\" \/>\n\t<meta property=\"og:image:height\" content=\"1080\" \/>\n\t<meta property=\"og:image:type\" content=\"image\/jpeg\" \/>\n<meta name=\"author\" content=\"mila\" \/>\n<meta name=\"twitter:card\" content=\"summary_large_image\" \/>\n<meta name=\"twitter:label1\" content=\"\u041d\u0430\u043f\u0438\u0441\u0430\u043d\u043e \u043e\u0434\" \/>\n\t<meta name=\"twitter:data1\" content=\"mila\" \/>\n\t<meta name=\"twitter:label2\" content=\"\u041f\u0440\u043e\u0446\u0435\u045a\u0435\u043d\u043e \u0432\u0440\u0435\u043c\u0435 \u0447\u0438\u0442\u0430\u045a\u0430\" \/>\n\t<meta name=\"twitter:data2\" content=\"2 \u043c\u0438\u043d\u0443\u0442\u0430\" \/>\n<script type=\"application\/ld+json\" class=\"yoast-schema-graph\">{\"@context\":\"https:\\\/\\\/schema.org\",\"@graph\":[{\"@type\":\"Article\",\"@id\":\"https:\\\/\\\/conference2024.crta.rs\\\/sr\\\/vesti\\\/iz-diplomatske-perspektive-o-izborima-evropske-vrednosti-profesionalni-mediji-i-primena-preporuka-bez-gubljenja-vremena\\\/#article\",\"isPartOf\":{\"@id\":\"https:\\\/\\\/conference2024.crta.rs\\\/sr\\\/vesti\\\/iz-diplomatske-perspektive-o-izborima-evropske-vrednosti-profesionalni-mediji-i-primena-preporuka-bez-gubljenja-vremena\\\/\"},\"author\":{\"name\":\"mila\",\"@id\":\"https:\\\/\\\/conference2024.crta.rs\\\/#\\\/schema\\\/person\\\/d72e1464bfb6f73c140058e1b24167cb\"},\"headline\":\"Iz diplomatske perspektive o izborima: Evropske vrednosti, profesionalni mediji i primena preporuka, bez gubljenja vremena\",\"datePublished\":\"2024-10-26T12:25:52+00:00\",\"mainEntityOfPage\":{\"@id\":\"https:\\\/\\\/conference2024.crta.rs\\\/sr\\\/vesti\\\/iz-diplomatske-perspektive-o-izborima-evropske-vrednosti-profesionalni-mediji-i-primena-preporuka-bez-gubljenja-vremena\\\/\"},\"wordCount\":386,\"image\":{\"@id\":\"https:\\\/\\\/conference2024.crta.rs\\\/sr\\\/vesti\\\/iz-diplomatske-perspektive-o-izborima-evropske-vrednosti-profesionalni-mediji-i-primena-preporuka-bez-gubljenja-vremena\\\/#primaryimage\"},\"thumbnailUrl\":\"https:\\\/\\\/conference2024.crta.rs\\\/wp-content\\\/uploads\\\/2024\\\/10\\\/MRI_4998-1.jpg\",\"articleSection\":[\"Vesti\"],\"inLanguage\":\"sr-RS\"},{\"@type\":\"WebPage\",\"@id\":\"https:\\\/\\\/conference2024.crta.rs\\\/sr\\\/vesti\\\/iz-diplomatske-perspektive-o-izborima-evropske-vrednosti-profesionalni-mediji-i-primena-preporuka-bez-gubljenja-vremena\\\/\",\"url\":\"https:\\\/\\\/conference2024.crta.rs\\\/sr\\\/vesti\\\/iz-diplomatske-perspektive-o-izborima-evropske-vrednosti-profesionalni-mediji-i-primena-preporuka-bez-gubljenja-vremena\\\/\",\"name\":\"Iz diplomatske perspektive o izborima: Evropske vrednosti, profesionalni mediji i primena preporuka, bez gubljenja vremena - Conference 2024\",\"isPartOf\":{\"@id\":\"https:\\\/\\\/conference2024.crta.rs\\\/#website\"},\"primaryImageOfPage\":{\"@id\":\"https:\\\/\\\/conference2024.crta.rs\\\/sr\\\/vesti\\\/iz-diplomatske-perspektive-o-izborima-evropske-vrednosti-profesionalni-mediji-i-primena-preporuka-bez-gubljenja-vremena\\\/#primaryimage\"},\"image\":{\"@id\":\"https:\\\/\\\/conference2024.crta.rs\\\/sr\\\/vesti\\\/iz-diplomatske-perspektive-o-izborima-evropske-vrednosti-profesionalni-mediji-i-primena-preporuka-bez-gubljenja-vremena\\\/#primaryimage\"},\"thumbnailUrl\":\"https:\\\/\\\/conference2024.crta.rs\\\/wp-content\\\/uploads\\\/2024\\\/10\\\/MRI_4998-1.jpg\",\"datePublished\":\"2024-10-26T12:25:52+00:00\",\"author\":{\"@id\":\"https:\\\/\\\/conference2024.crta.rs\\\/#\\\/schema\\\/person\\\/d72e1464bfb6f73c140058e1b24167cb\"},\"breadcrumb\":{\"@id\":\"https:\\\/\\\/conference2024.crta.rs\\\/sr\\\/vesti\\\/iz-diplomatske-perspektive-o-izborima-evropske-vrednosti-profesionalni-mediji-i-primena-preporuka-bez-gubljenja-vremena\\\/#breadcrumb\"},\"inLanguage\":\"sr-RS\",\"potentialAction\":[{\"@type\":\"ReadAction\",\"target\":[\"https:\\\/\\\/conference2024.crta.rs\\\/sr\\\/vesti\\\/iz-diplomatske-perspektive-o-izborima-evropske-vrednosti-profesionalni-mediji-i-primena-preporuka-bez-gubljenja-vremena\\\/\"]}]},{\"@type\":\"ImageObject\",\"inLanguage\":\"sr-RS\",\"@id\":\"https:\\\/\\\/conference2024.crta.rs\\\/sr\\\/vesti\\\/iz-diplomatske-perspektive-o-izborima-evropske-vrednosti-profesionalni-mediji-i-primena-preporuka-bez-gubljenja-vremena\\\/#primaryimage\",\"url\":\"https:\\\/\\\/conference2024.crta.rs\\\/wp-content\\\/uploads\\\/2024\\\/10\\\/MRI_4998-1.jpg\",\"contentUrl\":\"https:\\\/\\\/conference2024.crta.rs\\\/wp-content\\\/uploads\\\/2024\\\/10\\\/MRI_4998-1.jpg\",\"width\":1620,\"height\":1080},{\"@type\":\"BreadcrumbList\",\"@id\":\"https:\\\/\\\/conference2024.crta.rs\\\/sr\\\/vesti\\\/iz-diplomatske-perspektive-o-izborima-evropske-vrednosti-profesionalni-mediji-i-primena-preporuka-bez-gubljenja-vremena\\\/#breadcrumb\",\"itemListElement\":[{\"@type\":\"ListItem\",\"position\":1,\"name\":\"Home\",\"item\":\"https:\\\/\\\/conference2024.crta.rs\\\/sr\\\/\"},{\"@type\":\"ListItem\",\"position\":2,\"name\":\"Iz diplomatske perspektive o izborima: Evropske vrednosti, profesionalni mediji i primena preporuka, bez gubljenja vremena\"}]},{\"@type\":\"WebSite\",\"@id\":\"https:\\\/\\\/conference2024.crta.rs\\\/#website\",\"url\":\"https:\\\/\\\/conference2024.crta.rs\\\/\",\"name\":\"Conference 2024\",\"description\":\"In Effect, Do We Elect\",\"potentialAction\":[{\"@type\":\"SearchAction\",\"target\":{\"@type\":\"EntryPoint\",\"urlTemplate\":\"https:\\\/\\\/conference2024.crta.rs\\\/?s={search_term_string}\"},\"query-input\":{\"@type\":\"PropertyValueSpecification\",\"valueRequired\":true,\"valueName\":\"search_term_string\"}}],\"inLanguage\":\"sr-RS\"},{\"@type\":\"Person\",\"@id\":\"https:\\\/\\\/conference2024.crta.rs\\\/#\\\/schema\\\/person\\\/d72e1464bfb6f73c140058e1b24167cb\",\"name\":\"mila\",\"url\":\"https:\\\/\\\/conference2024.crta.rs\\\/sr\\\/author\\\/mila\\\/\"}]}<\/script>\n<!-- \/ Yoast SEO plugin. -->","yoast_head_json":{"title":"Iz diplomatske perspektive o izborima: Evropske vrednosti, profesionalni mediji i primena preporuka, bez gubljenja vremena - Conference 2024","robots":{"index":"index","follow":"follow","max-snippet":"max-snippet:-1","max-image-preview":"max-image-preview:large","max-video-preview":"max-video-preview:-1"},"canonical":"https:\/\/conference2024.crta.rs\/sr\/vesti\/iz-diplomatske-perspektive-o-izborima-evropske-vrednosti-profesionalni-mediji-i-primena-preporuka-bez-gubljenja-vremena\/","og_locale":"sr_RS","og_type":"article","og_title":"Iz diplomatske perspektive o izborima: Evropske vrednosti, profesionalni mediji i primena preporuka, bez gubljenja vremena - Conference 2024","og_description":"Za ocenu i unapre\u0111enje izbornog procesa postoje jasni me\u0111unarodni standardi, a klju\u010dne preporuke treba da se sprovedu \u0161to br\u017ee, upravo u me\u0111uizbornom periodu. Tema EU integracija nije bila naro\u010dito vidljiva tokom izbora u Srbiji, ranije preporuke ODIHR-a nisu primenjene. Mediji i demokratske institucije va\u017ean su deo evropskog puta.\u00a0 To su neki od zaklju\u010daka iz diplomatske","og_url":"https:\/\/conference2024.crta.rs\/sr\/vesti\/iz-diplomatske-perspektive-o-izborima-evropske-vrednosti-profesionalni-mediji-i-primena-preporuka-bez-gubljenja-vremena\/","og_site_name":"Conference 2024","article_published_time":"2024-10-26T12:25:52+00:00","og_image":[{"width":1620,"height":1080,"url":"https:\/\/conference2024.crta.rs\/wp-content\/uploads\/2024\/10\/MRI_4998-1.jpg","type":"image\/jpeg"}],"author":"mila","twitter_card":"summary_large_image","twitter_misc":{"\u041d\u0430\u043f\u0438\u0441\u0430\u043d\u043e \u043e\u0434":"mila","\u041f\u0440\u043e\u0446\u0435\u045a\u0435\u043d\u043e \u0432\u0440\u0435\u043c\u0435 \u0447\u0438\u0442\u0430\u045a\u0430":"2 \u043c\u0438\u043d\u0443\u0442\u0430"},"schema":{"@context":"https:\/\/schema.org","@graph":[{"@type":"Article","@id":"https:\/\/conference2024.crta.rs\/sr\/vesti\/iz-diplomatske-perspektive-o-izborima-evropske-vrednosti-profesionalni-mediji-i-primena-preporuka-bez-gubljenja-vremena\/#article","isPartOf":{"@id":"https:\/\/conference2024.crta.rs\/sr\/vesti\/iz-diplomatske-perspektive-o-izborima-evropske-vrednosti-profesionalni-mediji-i-primena-preporuka-bez-gubljenja-vremena\/"},"author":{"name":"mila","@id":"https:\/\/conference2024.crta.rs\/#\/schema\/person\/d72e1464bfb6f73c140058e1b24167cb"},"headline":"Iz diplomatske perspektive o izborima: Evropske vrednosti, profesionalni mediji i primena preporuka, bez gubljenja vremena","datePublished":"2024-10-26T12:25:52+00:00","mainEntityOfPage":{"@id":"https:\/\/conference2024.crta.rs\/sr\/vesti\/iz-diplomatske-perspektive-o-izborima-evropske-vrednosti-profesionalni-mediji-i-primena-preporuka-bez-gubljenja-vremena\/"},"wordCount":386,"image":{"@id":"https:\/\/conference2024.crta.rs\/sr\/vesti\/iz-diplomatske-perspektive-o-izborima-evropske-vrednosti-profesionalni-mediji-i-primena-preporuka-bez-gubljenja-vremena\/#primaryimage"},"thumbnailUrl":"https:\/\/conference2024.crta.rs\/wp-content\/uploads\/2024\/10\/MRI_4998-1.jpg","articleSection":["Vesti"],"inLanguage":"sr-RS"},{"@type":"WebPage","@id":"https:\/\/conference2024.crta.rs\/sr\/vesti\/iz-diplomatske-perspektive-o-izborima-evropske-vrednosti-profesionalni-mediji-i-primena-preporuka-bez-gubljenja-vremena\/","url":"https:\/\/conference2024.crta.rs\/sr\/vesti\/iz-diplomatske-perspektive-o-izborima-evropske-vrednosti-profesionalni-mediji-i-primena-preporuka-bez-gubljenja-vremena\/","name":"Iz diplomatske perspektive o izborima: Evropske vrednosti, profesionalni mediji i primena preporuka, bez gubljenja vremena - Conference 2024","isPartOf":{"@id":"https:\/\/conference2024.crta.rs\/#website"},"primaryImageOfPage":{"@id":"https:\/\/conference2024.crta.rs\/sr\/vesti\/iz-diplomatske-perspektive-o-izborima-evropske-vrednosti-profesionalni-mediji-i-primena-preporuka-bez-gubljenja-vremena\/#primaryimage"},"image":{"@id":"https:\/\/conference2024.crta.rs\/sr\/vesti\/iz-diplomatske-perspektive-o-izborima-evropske-vrednosti-profesionalni-mediji-i-primena-preporuka-bez-gubljenja-vremena\/#primaryimage"},"thumbnailUrl":"https:\/\/conference2024.crta.rs\/wp-content\/uploads\/2024\/10\/MRI_4998-1.jpg","datePublished":"2024-10-26T12:25:52+00:00","author":{"@id":"https:\/\/conference2024.crta.rs\/#\/schema\/person\/d72e1464bfb6f73c140058e1b24167cb"},"breadcrumb":{"@id":"https:\/\/conference2024.crta.rs\/sr\/vesti\/iz-diplomatske-perspektive-o-izborima-evropske-vrednosti-profesionalni-mediji-i-primena-preporuka-bez-gubljenja-vremena\/#breadcrumb"},"inLanguage":"sr-RS","potentialAction":[{"@type":"ReadAction","target":["https:\/\/conference2024.crta.rs\/sr\/vesti\/iz-diplomatske-perspektive-o-izborima-evropske-vrednosti-profesionalni-mediji-i-primena-preporuka-bez-gubljenja-vremena\/"]}]},{"@type":"ImageObject","inLanguage":"sr-RS","@id":"https:\/\/conference2024.crta.rs\/sr\/vesti\/iz-diplomatske-perspektive-o-izborima-evropske-vrednosti-profesionalni-mediji-i-primena-preporuka-bez-gubljenja-vremena\/#primaryimage","url":"https:\/\/conference2024.crta.rs\/wp-content\/uploads\/2024\/10\/MRI_4998-1.jpg","contentUrl":"https:\/\/conference2024.crta.rs\/wp-content\/uploads\/2024\/10\/MRI_4998-1.jpg","width":1620,"height":1080},{"@type":"BreadcrumbList","@id":"https:\/\/conference2024.crta.rs\/sr\/vesti\/iz-diplomatske-perspektive-o-izborima-evropske-vrednosti-profesionalni-mediji-i-primena-preporuka-bez-gubljenja-vremena\/#breadcrumb","itemListElement":[{"@type":"ListItem","position":1,"name":"Home","item":"https:\/\/conference2024.crta.rs\/sr\/"},{"@type":"ListItem","position":2,"name":"Iz diplomatske perspektive o izborima: Evropske vrednosti, profesionalni mediji i primena preporuka, bez gubljenja vremena"}]},{"@type":"WebSite","@id":"https:\/\/conference2024.crta.rs\/#website","url":"https:\/\/conference2024.crta.rs\/","name":"Conference 2024","description":"In Effect, Do We Elect","potentialAction":[{"@type":"SearchAction","target":{"@type":"EntryPoint","urlTemplate":"https:\/\/conference2024.crta.rs\/?s={search_term_string}"},"query-input":{"@type":"PropertyValueSpecification","valueRequired":true,"valueName":"search_term_string"}}],"inLanguage":"sr-RS"},{"@type":"Person","@id":"https:\/\/conference2024.crta.rs\/#\/schema\/person\/d72e1464bfb6f73c140058e1b24167cb","name":"mila","url":"https:\/\/conference2024.crta.rs\/sr\/author\/mila\/"}]}},"_links":{"self":[{"href":"https:\/\/conference2024.crta.rs\/sr\/wp-json\/wp\/v2\/posts\/4629","targetHints":{"allow":["GET"]}}],"collection":[{"href":"https:\/\/conference2024.crta.rs\/sr\/wp-json\/wp\/v2\/posts"}],"about":[{"href":"https:\/\/conference2024.crta.rs\/sr\/wp-json\/wp\/v2\/types\/post"}],"author":[{"embeddable":true,"href":"https:\/\/conference2024.crta.rs\/sr\/wp-json\/wp\/v2\/users\/2"}],"replies":[{"embeddable":true,"href":"https:\/\/conference2024.crta.rs\/sr\/wp-json\/wp\/v2\/comments?post=4629"}],"version-history":[{"count":1,"href":"https:\/\/conference2024.crta.rs\/sr\/wp-json\/wp\/v2\/posts\/4629\/revisions"}],"predecessor-version":[{"id":4632,"href":"https:\/\/conference2024.crta.rs\/sr\/wp-json\/wp\/v2\/posts\/4629\/revisions\/4632"}],"wp:featuredmedia":[{"embeddable":true,"href":"https:\/\/conference2024.crta.rs\/sr\/wp-json\/wp\/v2\/media\/4630"}],"wp:attachment":[{"href":"https:\/\/conference2024.crta.rs\/sr\/wp-json\/wp\/v2\/media?parent=4629"}],"wp:term":[{"taxonomy":"category","embeddable":true,"href":"https:\/\/conference2024.crta.rs\/sr\/wp-json\/wp\/v2\/categories?post=4629"},{"taxonomy":"post_tag","embeddable":true,"href":"https:\/\/conference2024.crta.rs\/sr\/wp-json\/wp\/v2\/tags?post=4629"}],"curies":[{"name":"wp","href":"https:\/\/api.w.org\/{rel}","templated":true}]}}