{"id":4592,"date":"2024-10-23T18:14:18","date_gmt":"2024-10-23T18:14:18","guid":{"rendered":"https:\/\/conference2024.crta.rs\/?p=4592"},"modified":"2024-10-26T09:50:57","modified_gmt":"2024-10-26T09:50:57","slug":"uz-kvalitetno-novinarstvo-dobro-informisani-birac-nije-mitsko-bice","status":"publish","type":"post","link":"https:\/\/conference2024.crta.rs\/sr\/vesti\/uz-kvalitetno-novinarstvo-dobro-informisani-birac-nije-mitsko-bice\/","title":{"rendered":"Uz kvalitetno novinarstvo dobro informisani bira\u010d nije mitsko bi\u0107e"},"content":{"rendered":"<p><b>Uz kvalitetno novinarstvo dobro informisani bira\u010d nije mitsko bi\u0107e<\/b><\/p>\n<p><span style=\"font-weight: 400;\">Tradicionalni mediji su i dalje ti koji kreiraju agendu, naro\u010dito u ovom delu Evrope, ali njihova publika je sve starija i novi akteri preuzimaju tu ulogu. Dru\u0161tveni mediji i big tech kompanije godinama, bez ikakve regulacije, uslo\u017enjavaju borbu za demokratiju. Komunikacija i interakcija s publikom, kao i konkretne mere demonetizacije dezinformacija, mogu biti deo re\u0161enja.\u00a0<\/span><\/p>\n<p><span style=\"font-weight: 400;\">O globalnom (dez)informacionom pejza\u017eu, na pitanje da li je dobro informisani bira\u010d mitsko bi\u0107e, odgovarali su Ana Martinoli, teoreti\u010darka medija i profesorka na Fakultetu dramskih umetnosti u Beogradu, Marko Milosavljevi\u0107 , redovni profesor na Odseku za komunikologiju na Fakultetu dru\u0161tvenih nauka u Ljubljani, Mustafa Kuleli, potpredsednik Evropske federacije novinara (EFJ) i\u00a0 Zs\u00f3fia F\u00fcl\u00f6p, novinarka iz ma\u0111arske redakcije Lakmusz.<\/span><\/p>\n<p><span style=\"font-weight: 400;\">F\u00fcl\u00f6p je govorila o tome kako u Ma\u0111arskoj funkcioni\u0161e mre\u017ea prore\u017eimskih influensera koji \u0161ire iste neta\u010dne tvrdnje.<\/span><\/p>\n<p><i><span style=\"font-weight: 400;\">\u201cU toj velikoj grupi ima 10,12 glavnih glasnogovornika. Imamo nekog ko je ugla\u0111en, elegantan, govori o ozbiljnim temama. Imamo i moderne, mlade koji koriste sleng. Ali svi istu poruku \u0161alju, samo je ton razl\u010dit\u201d<\/span><\/i><span style=\"font-weight: 400;\">, rekla je ma\u0111arska novinarka.<\/span><\/p>\n<p><span style=\"font-weight: 400;\">Prema istra\u017eivanjima Lakmusza, koji je proverio 500 oglasnih poruka na dru\u0161tvenim mre\u017eama, a u svakoj od njih se nalazila la\u017ena informacija &#8211; u sve njih je ulo\u017eeno pola miliona evra.<\/span><\/p>\n<p><span style=\"font-weight: 400;\">Iako ilustrativan, primer iz Ma\u0111arske poslu\u017eio je da se povu\u010de paralela izme\u0111u razli\u010ditih tr\u017ei\u0161ta.\u00a0<\/span><\/p>\n<p><i><span style=\"font-weight: 400;\">&#8222;U isto\u010dnoj Evropi i na Balkanu, mediji su glavni, postavljaju agendu, tematiku i prioritete i onda se to \u0161iri na dru\u0161tvene mre\u017ee. Problem je \u0161to su proteklih 15 godina one bile neregulisane\u201d<\/span><\/i><span style=\"font-weight: 400;\">, istakao je profesor Milosavljevi\u0107, podse\u0107aju\u0107i na slu\u010daj iz Slovenije kada je Fejsbuku bilo potrebno 13 sati da skine snimak ubistva.<\/span><\/p>\n<p><span style=\"font-weight: 400;\">Za mladu publiku i generaciju Z tradicionalni mediji nemaju nekog zna\u010daja, istakla je profesorka Martinoli.\u00a0<\/span><\/p>\n<p><i><span style=\"font-weight: 400;\">\u201cProse\u010dan gledalac CNN ima 65 godina. To je publika koja odlazi. Ali, \u0161to se ti\u010de tradicionalnih medija kod nas, oni postavljaju teme na dnevni red. U zavisnosti od toga koji ti je medij dostupan, tu sliku stvarnosti ima\u0161<\/span><\/i><span style=\"font-weight: 400;\">\u201d, rekla je Martinoli.<\/span><\/p>\n<p><span style=\"font-weight: 400;\">Govornici su istakli posebnu ulogu digitalnih kreatora, koji se bave aktuelnim temama, vode debate i daju komentare, stvaraju\u0107i dobro povezane zajednice na YouTube-u ili TikTok-u.<\/span><\/p>\n<p><i><span style=\"font-weight: 400;\">\u201cYouTube kreatori imaju svoju zajednicu, oni prave interakcije, oni su budu\u0107nost, zapravo sada\u0161njost. Digitalni kreatori imaju svoju publiku, ali oni se nalaze izvan okvira koji reguli\u0161e ovu oblast. Ako ste onlajn &#8211; za\u0161to ne koristite doseg koji oni imaju za dobru stvar\u201d<\/span><\/i><span style=\"font-weight: 400;\">, upitao je Mustafa Kuleli, podse\u0107aju\u0107i da ljudi pre svega donose emotivne odluke, pa i kada je re\u010d o politici.<\/span><\/p>\n<p><span style=\"font-weight: 400;\">Kuleli je zaklju\u010dio da dobro informisani glasa\u010d nije mitsko bi\u0107e, s obzirom na postoje\u0107u koli\u010dinu informacija. Pitanje informisanja i novinarstva posta\u0107e neodvojivo od tehnologije i biznis usluga tech kompanija, istakla je Martinoli, kao i da ne mo\u017eemo ni da pretpostavimo kako \u0107e izgledati budu\u0107nost, a novinarstvo nam je potrebnije nego ikada.<\/span><\/p>\n<p><span style=\"font-weight: 400;\">\u201c<\/span><i><span style=\"font-weight: 400;\">Mi kao novinari imamo posao da damo doprinos i da kvalitetno informi\u0161emo gra\u0111ane. Moramo da slu\u0161amo publiku, da imamo ve\u0107u interakciju, ne samo da im obezbe\u0111ujemo vesti. Tako da gra\u0111ani mogu da odlu\u010duju svesni \u010dinjenica\u201d<\/span><\/i><span style=\"font-weight: 400;\">, rekla je F\u00fcl\u00f6p.<\/span><\/p>\n<p><span style=\"font-weight: 400;\">Milosavljevi\u0107 je prepoznao koje su mogu\u0107nosti &#8211; na tri nivoa.\u00a0<\/span><\/p>\n<p><i><span style=\"font-weight: 400;\">\u201cNa mikro nivou, svako ne\u0161to malo mo\u017ee da uradi da se ispravi, kao \u0161to radi Crta. Na makro nivou dve su glavne stvari. Monetizacija medija, u smislu da se prihvate tehnolo\u0161ke takse na X, Metu i druge koji uzmaju novac na njihov ra\u010dun, bez konsekvenci. Druga stvar je demonetizacija dezinformacija, makar onih strate\u0161ki plasiranih. Doma\u0107ih ili stranih aktera, udariti ih tamo gde boli\u201d,<\/span><\/i><span style=\"font-weight: 400;\"> predlo\u017eio je profesor.<\/span><\/p>\n","protected":false},"excerpt":{"rendered":"<p>Uz kvalitetno novinarstvo dobro informisani bira\u010d nije mitsko bi\u0107e Tradicionalni mediji su i dalje ti koji kreiraju agendu, naro\u010dito u ovom delu Evrope, ali njihova publika je sve starija i novi akteri preuzimaju tu ulogu. Dru\u0161tveni mediji i big tech kompanije godinama, bez ikakve regulacije, uslo\u017enjavaju borbu za demokratiju. Komunikacija i interakcija s publikom, kao<\/p>\n","protected":false},"author":2,"featured_media":4593,"comment_status":"closed","ping_status":"closed","sticky":false,"template":"","format":"standard","meta":{"footnotes":""},"categories":[58],"tags":[],"class_list":["post-4592","post","type-post","status-publish","format-standard","has-post-thumbnail","hentry","category-vesti"],"yoast_head":"<!-- This site is optimized with the Yoast SEO plugin v27.4 - https:\/\/yoast.com\/product\/yoast-seo-wordpress\/ -->\n<title>Uz kvalitetno novinarstvo dobro informisani bira\u010d nije mitsko bi\u0107e - Conference 2024<\/title>\n<meta name=\"robots\" content=\"index, follow, max-snippet:-1, max-image-preview:large, max-video-preview:-1\" \/>\n<link rel=\"canonical\" href=\"https:\/\/conference2024.crta.rs\/sr\/vesti\/uz-kvalitetno-novinarstvo-dobro-informisani-birac-nije-mitsko-bice\/\" \/>\n<meta property=\"og:locale\" content=\"sr_RS\" \/>\n<meta property=\"og:type\" content=\"article\" \/>\n<meta property=\"og:title\" content=\"Uz kvalitetno novinarstvo dobro informisani bira\u010d nije mitsko bi\u0107e - Conference 2024\" \/>\n<meta property=\"og:description\" content=\"Uz kvalitetno novinarstvo dobro informisani bira\u010d nije mitsko bi\u0107e Tradicionalni mediji su i dalje ti koji kreiraju agendu, naro\u010dito u ovom delu Evrope, ali njihova publika je sve starija i novi akteri preuzimaju tu ulogu. Dru\u0161tveni mediji i big tech kompanije godinama, bez ikakve regulacije, uslo\u017enjavaju borbu za demokratiju. Komunikacija i interakcija s publikom, kao\" \/>\n<meta property=\"og:url\" content=\"https:\/\/conference2024.crta.rs\/sr\/vesti\/uz-kvalitetno-novinarstvo-dobro-informisani-birac-nije-mitsko-bice\/\" \/>\n<meta property=\"og:site_name\" content=\"Conference 2024\" \/>\n<meta property=\"article:published_time\" content=\"2024-10-23T18:14:18+00:00\" \/>\n<meta property=\"article:modified_time\" content=\"2024-10-26T09:50:57+00:00\" \/>\n<meta property=\"og:image\" content=\"https:\/\/conference2024.crta.rs\/wp-content\/uploads\/2024\/10\/MRI_3989.jpg\" \/>\n\t<meta property=\"og:image:width\" content=\"1620\" \/>\n\t<meta property=\"og:image:height\" content=\"1080\" \/>\n\t<meta property=\"og:image:type\" content=\"image\/jpeg\" \/>\n<meta name=\"author\" content=\"mila\" \/>\n<meta name=\"twitter:card\" content=\"summary_large_image\" \/>\n<meta name=\"twitter:label1\" content=\"\u041d\u0430\u043f\u0438\u0441\u0430\u043d\u043e \u043e\u0434\" \/>\n\t<meta name=\"twitter:data1\" content=\"mila\" \/>\n\t<meta name=\"twitter:label2\" content=\"\u041f\u0440\u043e\u0446\u0435\u045a\u0435\u043d\u043e \u0432\u0440\u0435\u043c\u0435 \u0447\u0438\u0442\u0430\u045a\u0430\" \/>\n\t<meta name=\"twitter:data2\" content=\"3 \u043c\u0438\u043d\u0443\u0442\u0430\" \/>\n<script type=\"application\/ld+json\" class=\"yoast-schema-graph\">{\"@context\":\"https:\\\/\\\/schema.org\",\"@graph\":[{\"@type\":\"Article\",\"@id\":\"https:\\\/\\\/conference2024.crta.rs\\\/sr\\\/vesti\\\/uz-kvalitetno-novinarstvo-dobro-informisani-birac-nije-mitsko-bice\\\/#article\",\"isPartOf\":{\"@id\":\"https:\\\/\\\/conference2024.crta.rs\\\/sr\\\/vesti\\\/uz-kvalitetno-novinarstvo-dobro-informisani-birac-nije-mitsko-bice\\\/\"},\"author\":{\"name\":\"mila\",\"@id\":\"https:\\\/\\\/conference2024.crta.rs\\\/#\\\/schema\\\/person\\\/d72e1464bfb6f73c140058e1b24167cb\"},\"headline\":\"Uz kvalitetno novinarstvo dobro informisani bira\u010d nije mitsko bi\u0107e\",\"datePublished\":\"2024-10-23T18:14:18+00:00\",\"dateModified\":\"2024-10-26T09:50:57+00:00\",\"mainEntityOfPage\":{\"@id\":\"https:\\\/\\\/conference2024.crta.rs\\\/sr\\\/vesti\\\/uz-kvalitetno-novinarstvo-dobro-informisani-birac-nije-mitsko-bice\\\/\"},\"wordCount\":660,\"image\":{\"@id\":\"https:\\\/\\\/conference2024.crta.rs\\\/sr\\\/vesti\\\/uz-kvalitetno-novinarstvo-dobro-informisani-birac-nije-mitsko-bice\\\/#primaryimage\"},\"thumbnailUrl\":\"https:\\\/\\\/conference2024.crta.rs\\\/wp-content\\\/uploads\\\/2024\\\/10\\\/MRI_3989.jpg\",\"articleSection\":[\"Vesti\"],\"inLanguage\":\"sr-RS\"},{\"@type\":\"WebPage\",\"@id\":\"https:\\\/\\\/conference2024.crta.rs\\\/sr\\\/vesti\\\/uz-kvalitetno-novinarstvo-dobro-informisani-birac-nije-mitsko-bice\\\/\",\"url\":\"https:\\\/\\\/conference2024.crta.rs\\\/sr\\\/vesti\\\/uz-kvalitetno-novinarstvo-dobro-informisani-birac-nije-mitsko-bice\\\/\",\"name\":\"Uz kvalitetno novinarstvo dobro informisani bira\u010d nije mitsko bi\u0107e - Conference 2024\",\"isPartOf\":{\"@id\":\"https:\\\/\\\/conference2024.crta.rs\\\/#website\"},\"primaryImageOfPage\":{\"@id\":\"https:\\\/\\\/conference2024.crta.rs\\\/sr\\\/vesti\\\/uz-kvalitetno-novinarstvo-dobro-informisani-birac-nije-mitsko-bice\\\/#primaryimage\"},\"image\":{\"@id\":\"https:\\\/\\\/conference2024.crta.rs\\\/sr\\\/vesti\\\/uz-kvalitetno-novinarstvo-dobro-informisani-birac-nije-mitsko-bice\\\/#primaryimage\"},\"thumbnailUrl\":\"https:\\\/\\\/conference2024.crta.rs\\\/wp-content\\\/uploads\\\/2024\\\/10\\\/MRI_3989.jpg\",\"datePublished\":\"2024-10-23T18:14:18+00:00\",\"dateModified\":\"2024-10-26T09:50:57+00:00\",\"author\":{\"@id\":\"https:\\\/\\\/conference2024.crta.rs\\\/#\\\/schema\\\/person\\\/d72e1464bfb6f73c140058e1b24167cb\"},\"breadcrumb\":{\"@id\":\"https:\\\/\\\/conference2024.crta.rs\\\/sr\\\/vesti\\\/uz-kvalitetno-novinarstvo-dobro-informisani-birac-nije-mitsko-bice\\\/#breadcrumb\"},\"inLanguage\":\"sr-RS\",\"potentialAction\":[{\"@type\":\"ReadAction\",\"target\":[\"https:\\\/\\\/conference2024.crta.rs\\\/sr\\\/vesti\\\/uz-kvalitetno-novinarstvo-dobro-informisani-birac-nije-mitsko-bice\\\/\"]}]},{\"@type\":\"ImageObject\",\"inLanguage\":\"sr-RS\",\"@id\":\"https:\\\/\\\/conference2024.crta.rs\\\/sr\\\/vesti\\\/uz-kvalitetno-novinarstvo-dobro-informisani-birac-nije-mitsko-bice\\\/#primaryimage\",\"url\":\"https:\\\/\\\/conference2024.crta.rs\\\/wp-content\\\/uploads\\\/2024\\\/10\\\/MRI_3989.jpg\",\"contentUrl\":\"https:\\\/\\\/conference2024.crta.rs\\\/wp-content\\\/uploads\\\/2024\\\/10\\\/MRI_3989.jpg\",\"width\":1620,\"height\":1080},{\"@type\":\"BreadcrumbList\",\"@id\":\"https:\\\/\\\/conference2024.crta.rs\\\/sr\\\/vesti\\\/uz-kvalitetno-novinarstvo-dobro-informisani-birac-nije-mitsko-bice\\\/#breadcrumb\",\"itemListElement\":[{\"@type\":\"ListItem\",\"position\":1,\"name\":\"Home\",\"item\":\"https:\\\/\\\/conference2024.crta.rs\\\/sr\\\/\"},{\"@type\":\"ListItem\",\"position\":2,\"name\":\"Uz kvalitetno novinarstvo dobro informisani bira\u010d nije mitsko bi\u0107e\"}]},{\"@type\":\"WebSite\",\"@id\":\"https:\\\/\\\/conference2024.crta.rs\\\/#website\",\"url\":\"https:\\\/\\\/conference2024.crta.rs\\\/\",\"name\":\"Conference 2024\",\"description\":\"In Effect, Do We Elect\",\"potentialAction\":[{\"@type\":\"SearchAction\",\"target\":{\"@type\":\"EntryPoint\",\"urlTemplate\":\"https:\\\/\\\/conference2024.crta.rs\\\/?s={search_term_string}\"},\"query-input\":{\"@type\":\"PropertyValueSpecification\",\"valueRequired\":true,\"valueName\":\"search_term_string\"}}],\"inLanguage\":\"sr-RS\"},{\"@type\":\"Person\",\"@id\":\"https:\\\/\\\/conference2024.crta.rs\\\/#\\\/schema\\\/person\\\/d72e1464bfb6f73c140058e1b24167cb\",\"name\":\"mila\",\"url\":\"https:\\\/\\\/conference2024.crta.rs\\\/sr\\\/author\\\/mila\\\/\"}]}<\/script>\n<!-- \/ Yoast SEO plugin. -->","yoast_head_json":{"title":"Uz kvalitetno novinarstvo dobro informisani bira\u010d nije mitsko bi\u0107e - Conference 2024","robots":{"index":"index","follow":"follow","max-snippet":"max-snippet:-1","max-image-preview":"max-image-preview:large","max-video-preview":"max-video-preview:-1"},"canonical":"https:\/\/conference2024.crta.rs\/sr\/vesti\/uz-kvalitetno-novinarstvo-dobro-informisani-birac-nije-mitsko-bice\/","og_locale":"sr_RS","og_type":"article","og_title":"Uz kvalitetno novinarstvo dobro informisani bira\u010d nije mitsko bi\u0107e - Conference 2024","og_description":"Uz kvalitetno novinarstvo dobro informisani bira\u010d nije mitsko bi\u0107e Tradicionalni mediji su i dalje ti koji kreiraju agendu, naro\u010dito u ovom delu Evrope, ali njihova publika je sve starija i novi akteri preuzimaju tu ulogu. Dru\u0161tveni mediji i big tech kompanije godinama, bez ikakve regulacije, uslo\u017enjavaju borbu za demokratiju. Komunikacija i interakcija s publikom, kao","og_url":"https:\/\/conference2024.crta.rs\/sr\/vesti\/uz-kvalitetno-novinarstvo-dobro-informisani-birac-nije-mitsko-bice\/","og_site_name":"Conference 2024","article_published_time":"2024-10-23T18:14:18+00:00","article_modified_time":"2024-10-26T09:50:57+00:00","og_image":[{"width":1620,"height":1080,"url":"https:\/\/conference2024.crta.rs\/wp-content\/uploads\/2024\/10\/MRI_3989.jpg","type":"image\/jpeg"}],"author":"mila","twitter_card":"summary_large_image","twitter_misc":{"\u041d\u0430\u043f\u0438\u0441\u0430\u043d\u043e \u043e\u0434":"mila","\u041f\u0440\u043e\u0446\u0435\u045a\u0435\u043d\u043e \u0432\u0440\u0435\u043c\u0435 \u0447\u0438\u0442\u0430\u045a\u0430":"3 \u043c\u0438\u043d\u0443\u0442\u0430"},"schema":{"@context":"https:\/\/schema.org","@graph":[{"@type":"Article","@id":"https:\/\/conference2024.crta.rs\/sr\/vesti\/uz-kvalitetno-novinarstvo-dobro-informisani-birac-nije-mitsko-bice\/#article","isPartOf":{"@id":"https:\/\/conference2024.crta.rs\/sr\/vesti\/uz-kvalitetno-novinarstvo-dobro-informisani-birac-nije-mitsko-bice\/"},"author":{"name":"mila","@id":"https:\/\/conference2024.crta.rs\/#\/schema\/person\/d72e1464bfb6f73c140058e1b24167cb"},"headline":"Uz kvalitetno novinarstvo dobro informisani bira\u010d nije mitsko bi\u0107e","datePublished":"2024-10-23T18:14:18+00:00","dateModified":"2024-10-26T09:50:57+00:00","mainEntityOfPage":{"@id":"https:\/\/conference2024.crta.rs\/sr\/vesti\/uz-kvalitetno-novinarstvo-dobro-informisani-birac-nije-mitsko-bice\/"},"wordCount":660,"image":{"@id":"https:\/\/conference2024.crta.rs\/sr\/vesti\/uz-kvalitetno-novinarstvo-dobro-informisani-birac-nije-mitsko-bice\/#primaryimage"},"thumbnailUrl":"https:\/\/conference2024.crta.rs\/wp-content\/uploads\/2024\/10\/MRI_3989.jpg","articleSection":["Vesti"],"inLanguage":"sr-RS"},{"@type":"WebPage","@id":"https:\/\/conference2024.crta.rs\/sr\/vesti\/uz-kvalitetno-novinarstvo-dobro-informisani-birac-nije-mitsko-bice\/","url":"https:\/\/conference2024.crta.rs\/sr\/vesti\/uz-kvalitetno-novinarstvo-dobro-informisani-birac-nije-mitsko-bice\/","name":"Uz kvalitetno novinarstvo dobro informisani bira\u010d nije mitsko bi\u0107e - Conference 2024","isPartOf":{"@id":"https:\/\/conference2024.crta.rs\/#website"},"primaryImageOfPage":{"@id":"https:\/\/conference2024.crta.rs\/sr\/vesti\/uz-kvalitetno-novinarstvo-dobro-informisani-birac-nije-mitsko-bice\/#primaryimage"},"image":{"@id":"https:\/\/conference2024.crta.rs\/sr\/vesti\/uz-kvalitetno-novinarstvo-dobro-informisani-birac-nije-mitsko-bice\/#primaryimage"},"thumbnailUrl":"https:\/\/conference2024.crta.rs\/wp-content\/uploads\/2024\/10\/MRI_3989.jpg","datePublished":"2024-10-23T18:14:18+00:00","dateModified":"2024-10-26T09:50:57+00:00","author":{"@id":"https:\/\/conference2024.crta.rs\/#\/schema\/person\/d72e1464bfb6f73c140058e1b24167cb"},"breadcrumb":{"@id":"https:\/\/conference2024.crta.rs\/sr\/vesti\/uz-kvalitetno-novinarstvo-dobro-informisani-birac-nije-mitsko-bice\/#breadcrumb"},"inLanguage":"sr-RS","potentialAction":[{"@type":"ReadAction","target":["https:\/\/conference2024.crta.rs\/sr\/vesti\/uz-kvalitetno-novinarstvo-dobro-informisani-birac-nije-mitsko-bice\/"]}]},{"@type":"ImageObject","inLanguage":"sr-RS","@id":"https:\/\/conference2024.crta.rs\/sr\/vesti\/uz-kvalitetno-novinarstvo-dobro-informisani-birac-nije-mitsko-bice\/#primaryimage","url":"https:\/\/conference2024.crta.rs\/wp-content\/uploads\/2024\/10\/MRI_3989.jpg","contentUrl":"https:\/\/conference2024.crta.rs\/wp-content\/uploads\/2024\/10\/MRI_3989.jpg","width":1620,"height":1080},{"@type":"BreadcrumbList","@id":"https:\/\/conference2024.crta.rs\/sr\/vesti\/uz-kvalitetno-novinarstvo-dobro-informisani-birac-nije-mitsko-bice\/#breadcrumb","itemListElement":[{"@type":"ListItem","position":1,"name":"Home","item":"https:\/\/conference2024.crta.rs\/sr\/"},{"@type":"ListItem","position":2,"name":"Uz kvalitetno novinarstvo dobro informisani bira\u010d nije mitsko bi\u0107e"}]},{"@type":"WebSite","@id":"https:\/\/conference2024.crta.rs\/#website","url":"https:\/\/conference2024.crta.rs\/","name":"Conference 2024","description":"In Effect, Do We Elect","potentialAction":[{"@type":"SearchAction","target":{"@type":"EntryPoint","urlTemplate":"https:\/\/conference2024.crta.rs\/?s={search_term_string}"},"query-input":{"@type":"PropertyValueSpecification","valueRequired":true,"valueName":"search_term_string"}}],"inLanguage":"sr-RS"},{"@type":"Person","@id":"https:\/\/conference2024.crta.rs\/#\/schema\/person\/d72e1464bfb6f73c140058e1b24167cb","name":"mila","url":"https:\/\/conference2024.crta.rs\/sr\/author\/mila\/"}]}},"_links":{"self":[{"href":"https:\/\/conference2024.crta.rs\/sr\/wp-json\/wp\/v2\/posts\/4592","targetHints":{"allow":["GET"]}}],"collection":[{"href":"https:\/\/conference2024.crta.rs\/sr\/wp-json\/wp\/v2\/posts"}],"about":[{"href":"https:\/\/conference2024.crta.rs\/sr\/wp-json\/wp\/v2\/types\/post"}],"author":[{"embeddable":true,"href":"https:\/\/conference2024.crta.rs\/sr\/wp-json\/wp\/v2\/users\/2"}],"replies":[{"embeddable":true,"href":"https:\/\/conference2024.crta.rs\/sr\/wp-json\/wp\/v2\/comments?post=4592"}],"version-history":[{"count":3,"href":"https:\/\/conference2024.crta.rs\/sr\/wp-json\/wp\/v2\/posts\/4592\/revisions"}],"predecessor-version":[{"id":4620,"href":"https:\/\/conference2024.crta.rs\/sr\/wp-json\/wp\/v2\/posts\/4592\/revisions\/4620"}],"wp:featuredmedia":[{"embeddable":true,"href":"https:\/\/conference2024.crta.rs\/sr\/wp-json\/wp\/v2\/media\/4593"}],"wp:attachment":[{"href":"https:\/\/conference2024.crta.rs\/sr\/wp-json\/wp\/v2\/media?parent=4592"}],"wp:term":[{"taxonomy":"category","embeddable":true,"href":"https:\/\/conference2024.crta.rs\/sr\/wp-json\/wp\/v2\/categories?post=4592"},{"taxonomy":"post_tag","embeddable":true,"href":"https:\/\/conference2024.crta.rs\/sr\/wp-json\/wp\/v2\/tags?post=4592"}],"curies":[{"name":"wp","href":"https:\/\/api.w.org\/{rel}","templated":true}]}}