{"id":4575,"date":"2024-10-23T11:26:28","date_gmt":"2024-10-23T11:26:28","guid":{"rendered":"https:\/\/conference2024.crta.rs\/?p=4575"},"modified":"2024-10-26T10:01:01","modified_gmt":"2024-10-26T10:01:01","slug":"superizborna-godina-oko-37-milijardi-ljudi-glasa-2024-godine-da-li-taj-broj-izaziva-strah-ili-daje-nadu","status":"publish","type":"post","link":"https:\/\/conference2024.crta.rs\/sr\/vesti\/superizborna-godina-oko-37-milijardi-ljudi-glasa-2024-godine-da-li-taj-broj-izaziva-strah-ili-daje-nadu\/","title":{"rendered":"Superizborna godina; oko 3,7 milijardi ljudi glasa 2024. godine. Da li taj broj izaziva strah ili daje nadu?"},"content":{"rendered":"<p><span style=\"font-weight: 400;\">Superizbornu godinu obele\u017eava vi\u0161e strah nego nada &#8211; zbog <\/span><b>uspona desnice, ja\u010danja autokratija, ali i politi\u010dkih elita koje, nemaju\u0107i re\u0161enja za krize i konflikte, vladavinu prava stavljaju u drugi plan<\/b><span style=\"font-weight: 400;\">.<\/span> <span style=\"font-weight: 400;\">Pobeda Donalda Trampa bi izbacila temu demokratije iz narativa u regionu<\/span><span style=\"font-weight: 400;\">, a svi pozitivni primeri, poput Poljske, svedo\u010de da borba za izborne uslove i kvalitet izbora &#8211; ne mo\u017ee da \u010deka. <\/span><span style=\"font-weight: 400;\">Putinov nacrt novog sveta i <\/span><i><span style=\"font-weight: 400;\">big tech <\/span><\/i><span style=\"font-weight: 400;\">autoritarnost samo su deo dana\u0161njeg haosa.\u00a0<\/span><\/p>\n<p><span style=\"font-weight: 400;\">Dobre vesti su ve\u0107e u\u010de\u0161\u0107e gra\u0111ana u izborima, kao i one demokratije koje su uspele da pre\u017eive pandemiju i migrantsku krizu, neki su od zaklju\u010daka na po\u010detku Crtine konferencije<\/span><b>.<\/b><span style=\"font-weight: 400;\"> U\u010desnici prvog panela Agon Mali\u0107i, politi\u010dki analiti\u010dar i novinar, Bo\u0161ko Jak\u0161i\u0107, spoljnopoliti\u010dki komentator, Ivana Dragi\u010devi\u0107, spoljnopoliti\u010dka komentatorka N1 i Zselyke Csaky, vi\u0161a nau\u010dna saradnica u Centru za evropsku reformu, osvrnuli su se i na to kako autokrate <\/span><b>zloupotrebljavaju izborni proces kao svoje oru\u017eje<\/b><span style=\"font-weight: 400;\">, saglasni da \u0107emo <\/span><b>svi osetiti posledice izbora u SAD.<\/b><\/p>\n<p><span style=\"font-weight: 400;\">Hibridni re\u017eimi su na\u0161li nove na\u010dine za manipulaciju i to se pokazalo kao ve\u0107i problem od zloupotrebe ve\u0161ta\u010dke inteligencije ili dezinformacija, na \u0161ta smo upozoravani, zaklju\u010dak je Zselyke Csaky.\u00a0<\/span><\/p>\n<p><span style=\"font-weight: 400;\">Velika opasnost je kada dru\u0161tvo poveruje da mu liberalna demokratija nije deo identiteta. Klju\u010dnu ulogu mora da odigra Evropska unija, rekao je Mali\u0107i, i \u201cda poka\u017ee da su vrata otvorena, da pripadamo tu\u201d.<\/span><\/p>\n<p><i><span style=\"font-weight: 400;\">\u201cNedemokratske snage preuzimaju javni prostor, a ja ne vidim politi\u010dku ili filozofsku imaginaciju koja bi se suprotstavila sili koja dolazi iz autokratskog sveta koji je broj\u010dano, ja\u010di, resursima bogat i stvara novi svet<\/span><\/i><span style=\"font-weight: 400;\">\u201d, kazala je Ivana Dragi\u010devi\u0107.<\/span><\/p>\n<p><span style=\"font-weight: 400;\">Agon Mali\u0107i je, govore\u0107i o liderima u regionu, rekao da imaju previ\u0161e vlasti i mo\u0107i, a konflikt stavljaju u sredi\u0161te politike.<\/span><\/p>\n<p><i><span style=\"font-weight: 400;\">\u201cVi\u0161e nemamo eksterno sidro za demokratiju, nekad smo gledali ka EU, a taj orijentir vi\u0161e ne postoji, nema isti kredibilitet\u201d<\/span><\/i><span style=\"font-weight: 400;\">, upozorio je Mali\u0107i.<\/span><\/p>\n<p><span style=\"font-weight: 400;\">Rezultate izbora u SAD oseti\u0107e ceo svet, pa i region Zapadnog Balkana. Strah od ponavljanja nereda je realan, ocenili su govornici, jer je dru\u0161tvo podeljeno do te mere da \u017eivi u dve paralelne stvarnosti.\u00a0<\/span><\/p>\n<p><i><span style=\"font-weight: 400;\">\u201cNije \u010dudno da ovde navijaju za Trampa, jer se s pravom o\u010dekuje da bi Tramp podr\u017eao sve autorkatske, nacionalisti\u010dke politike ovde\u201d,<\/span><\/i><span style=\"font-weight: 400;\"> naveo je Bo\u0161ko Jak\u0161i\u0107.<\/span><\/p>\n<p><span style=\"font-weight: 400;\">Uz teku\u0107e krize, EU te\u0161ko nalazi jednoglasnost, izme\u0111u ostalog i zbog vlada kao \u0161to su ma\u0111arska i slova\u010dka.\u00a0<\/span><\/p>\n<p><i><span style=\"font-weight: 400;\">\u201cJo\u0161 je va\u017enije da EU na\u0111e na\u010din da se ujedini, demokratija i ljudska prava su va\u017eni i igra\u0107e jo\u0161 ve\u0107u ulogu. Pitanja koja zahtevaju jednoglasje i koordinaciju su i klimatske promene ili spoljne politike\u201d<\/span><\/i><span style=\"font-weight: 400;\">, istakla je Csaky.<\/span><\/p>\n<p><span style=\"font-weight: 400;\">U borbi protiv kriza, zna\u010daj slobodnih i po\u0161tenih izbora ne sme da padne u senku, jedna je od ideja koju je ponovilo vi\u0161e govornika.<\/span><\/p>\n<p><i><span style=\"font-weight: 400;\">\u201cPrava je prilika da iska\u017eem ose\u0107aj potrebe za promenom izbornog zakona, koliko je on neophodan, kao i izborni uslovi. Ne mo\u017ee da se gubi vreme. Ne mo\u017ee da se \u010deka 2027. da se aktiviraju ti procesi. Danas i sutra se to radi, a ja ne vidim taj entuzijazam\u201d, <\/span><\/i><span style=\"font-weight: 400;\">ocenio je Jak\u0161i\u0107.<\/span><\/p>\n","protected":false},"excerpt":{"rendered":"<p>Superizbornu godinu obele\u017eava vi\u0161e strah nego nada &#8211; zbog uspona desnice, ja\u010danja autokratija, ali i politi\u010dkih elita koje, nemaju\u0107i re\u0161enja za krize i konflikte, vladavinu prava stavljaju u drugi plan. Pobeda Donalda Trampa bi izbacila temu demokratije iz narativa u regionu, a svi pozitivni primeri, poput Poljske, svedo\u010de da borba za izborne uslove i kvalitet<\/p>\n","protected":false},"author":4,"featured_media":4576,"comment_status":"closed","ping_status":"closed","sticky":false,"template":"","format":"standard","meta":{"footnotes":""},"categories":[58],"tags":[],"class_list":["post-4575","post","type-post","status-publish","format-standard","has-post-thumbnail","hentry","category-vesti"],"yoast_head":"<!-- This site is optimized with the Yoast SEO plugin v27.4 - https:\/\/yoast.com\/product\/yoast-seo-wordpress\/ -->\n<title>Superizborna godina; oko 3,7 milijardi ljudi glasa 2024. godine. Da li taj broj izaziva strah ili daje nadu? - Conference 2024<\/title>\n<meta name=\"robots\" content=\"index, follow, max-snippet:-1, max-image-preview:large, max-video-preview:-1\" \/>\n<link rel=\"canonical\" href=\"https:\/\/conference2024.crta.rs\/sr\/vesti\/superizborna-godina-oko-37-milijardi-ljudi-glasa-2024-godine-da-li-taj-broj-izaziva-strah-ili-daje-nadu\/\" \/>\n<meta property=\"og:locale\" content=\"sr_RS\" \/>\n<meta property=\"og:type\" content=\"article\" \/>\n<meta property=\"og:title\" content=\"Superizborna godina; oko 3,7 milijardi ljudi glasa 2024. godine. Da li taj broj izaziva strah ili daje nadu? - Conference 2024\" \/>\n<meta property=\"og:description\" content=\"Superizbornu godinu obele\u017eava vi\u0161e strah nego nada &#8211; zbog uspona desnice, ja\u010danja autokratija, ali i politi\u010dkih elita koje, nemaju\u0107i re\u0161enja za krize i konflikte, vladavinu prava stavljaju u drugi plan. Pobeda Donalda Trampa bi izbacila temu demokratije iz narativa u regionu, a svi pozitivni primeri, poput Poljske, svedo\u010de da borba za izborne uslove i kvalitet\" \/>\n<meta property=\"og:url\" content=\"https:\/\/conference2024.crta.rs\/sr\/vesti\/superizborna-godina-oko-37-milijardi-ljudi-glasa-2024-godine-da-li-taj-broj-izaziva-strah-ili-daje-nadu\/\" \/>\n<meta property=\"og:site_name\" content=\"Conference 2024\" \/>\n<meta property=\"article:published_time\" content=\"2024-10-23T11:26:28+00:00\" \/>\n<meta property=\"article:modified_time\" content=\"2024-10-26T10:01:01+00:00\" \/>\n<meta property=\"og:image\" content=\"https:\/\/conference2024.crta.rs\/wp-content\/uploads\/2024\/10\/RIS08174.jpg\" \/>\n\t<meta property=\"og:image:width\" content=\"1616\" \/>\n\t<meta property=\"og:image:height\" content=\"1080\" \/>\n\t<meta property=\"og:image:type\" content=\"image\/jpeg\" \/>\n<meta name=\"author\" content=\"Bozana Opacic\" \/>\n<meta name=\"twitter:card\" content=\"summary_large_image\" \/>\n<meta name=\"twitter:label1\" content=\"\u041d\u0430\u043f\u0438\u0441\u0430\u043d\u043e \u043e\u0434\" \/>\n\t<meta name=\"twitter:data1\" content=\"Bozana Opacic\" \/>\n\t<meta name=\"twitter:label2\" content=\"\u041f\u0440\u043e\u0446\u0435\u045a\u0435\u043d\u043e \u0432\u0440\u0435\u043c\u0435 \u0447\u0438\u0442\u0430\u045a\u0430\" \/>\n\t<meta name=\"twitter:data2\" content=\"3 \u043c\u0438\u043d\u0443\u0442\u0430\" \/>\n<script type=\"application\/ld+json\" class=\"yoast-schema-graph\">{\"@context\":\"https:\\\/\\\/schema.org\",\"@graph\":[{\"@type\":\"Article\",\"@id\":\"https:\\\/\\\/conference2024.crta.rs\\\/sr\\\/vesti\\\/superizborna-godina-oko-37-milijardi-ljudi-glasa-2024-godine-da-li-taj-broj-izaziva-strah-ili-daje-nadu\\\/#article\",\"isPartOf\":{\"@id\":\"https:\\\/\\\/conference2024.crta.rs\\\/sr\\\/vesti\\\/superizborna-godina-oko-37-milijardi-ljudi-glasa-2024-godine-da-li-taj-broj-izaziva-strah-ili-daje-nadu\\\/\"},\"author\":{\"name\":\"Bozana Opacic\",\"@id\":\"https:\\\/\\\/conference2024.crta.rs\\\/#\\\/schema\\\/person\\\/5ef2fa22aa12b808639f91410b1bd3eb\"},\"headline\":\"Superizborna godina; oko 3,7 milijardi ljudi glasa 2024. godine. Da li taj broj izaziva strah ili daje nadu?\",\"datePublished\":\"2024-10-23T11:26:28+00:00\",\"dateModified\":\"2024-10-26T10:01:01+00:00\",\"mainEntityOfPage\":{\"@id\":\"https:\\\/\\\/conference2024.crta.rs\\\/sr\\\/vesti\\\/superizborna-godina-oko-37-milijardi-ljudi-glasa-2024-godine-da-li-taj-broj-izaziva-strah-ili-daje-nadu\\\/\"},\"wordCount\":579,\"image\":{\"@id\":\"https:\\\/\\\/conference2024.crta.rs\\\/sr\\\/vesti\\\/superizborna-godina-oko-37-milijardi-ljudi-glasa-2024-godine-da-li-taj-broj-izaziva-strah-ili-daje-nadu\\\/#primaryimage\"},\"thumbnailUrl\":\"https:\\\/\\\/conference2024.crta.rs\\\/wp-content\\\/uploads\\\/2024\\\/10\\\/RIS08174.jpg\",\"articleSection\":[\"Vesti\"],\"inLanguage\":\"sr-RS\"},{\"@type\":\"WebPage\",\"@id\":\"https:\\\/\\\/conference2024.crta.rs\\\/sr\\\/vesti\\\/superizborna-godina-oko-37-milijardi-ljudi-glasa-2024-godine-da-li-taj-broj-izaziva-strah-ili-daje-nadu\\\/\",\"url\":\"https:\\\/\\\/conference2024.crta.rs\\\/sr\\\/vesti\\\/superizborna-godina-oko-37-milijardi-ljudi-glasa-2024-godine-da-li-taj-broj-izaziva-strah-ili-daje-nadu\\\/\",\"name\":\"Superizborna godina; oko 3,7 milijardi ljudi glasa 2024. godine. Da li taj broj izaziva strah ili daje nadu? - Conference 2024\",\"isPartOf\":{\"@id\":\"https:\\\/\\\/conference2024.crta.rs\\\/#website\"},\"primaryImageOfPage\":{\"@id\":\"https:\\\/\\\/conference2024.crta.rs\\\/sr\\\/vesti\\\/superizborna-godina-oko-37-milijardi-ljudi-glasa-2024-godine-da-li-taj-broj-izaziva-strah-ili-daje-nadu\\\/#primaryimage\"},\"image\":{\"@id\":\"https:\\\/\\\/conference2024.crta.rs\\\/sr\\\/vesti\\\/superizborna-godina-oko-37-milijardi-ljudi-glasa-2024-godine-da-li-taj-broj-izaziva-strah-ili-daje-nadu\\\/#primaryimage\"},\"thumbnailUrl\":\"https:\\\/\\\/conference2024.crta.rs\\\/wp-content\\\/uploads\\\/2024\\\/10\\\/RIS08174.jpg\",\"datePublished\":\"2024-10-23T11:26:28+00:00\",\"dateModified\":\"2024-10-26T10:01:01+00:00\",\"author\":{\"@id\":\"https:\\\/\\\/conference2024.crta.rs\\\/#\\\/schema\\\/person\\\/5ef2fa22aa12b808639f91410b1bd3eb\"},\"breadcrumb\":{\"@id\":\"https:\\\/\\\/conference2024.crta.rs\\\/sr\\\/vesti\\\/superizborna-godina-oko-37-milijardi-ljudi-glasa-2024-godine-da-li-taj-broj-izaziva-strah-ili-daje-nadu\\\/#breadcrumb\"},\"inLanguage\":\"sr-RS\",\"potentialAction\":[{\"@type\":\"ReadAction\",\"target\":[\"https:\\\/\\\/conference2024.crta.rs\\\/sr\\\/vesti\\\/superizborna-godina-oko-37-milijardi-ljudi-glasa-2024-godine-da-li-taj-broj-izaziva-strah-ili-daje-nadu\\\/\"]}]},{\"@type\":\"ImageObject\",\"inLanguage\":\"sr-RS\",\"@id\":\"https:\\\/\\\/conference2024.crta.rs\\\/sr\\\/vesti\\\/superizborna-godina-oko-37-milijardi-ljudi-glasa-2024-godine-da-li-taj-broj-izaziva-strah-ili-daje-nadu\\\/#primaryimage\",\"url\":\"https:\\\/\\\/conference2024.crta.rs\\\/wp-content\\\/uploads\\\/2024\\\/10\\\/RIS08174.jpg\",\"contentUrl\":\"https:\\\/\\\/conference2024.crta.rs\\\/wp-content\\\/uploads\\\/2024\\\/10\\\/RIS08174.jpg\",\"width\":1616,\"height\":1080},{\"@type\":\"BreadcrumbList\",\"@id\":\"https:\\\/\\\/conference2024.crta.rs\\\/sr\\\/vesti\\\/superizborna-godina-oko-37-milijardi-ljudi-glasa-2024-godine-da-li-taj-broj-izaziva-strah-ili-daje-nadu\\\/#breadcrumb\",\"itemListElement\":[{\"@type\":\"ListItem\",\"position\":1,\"name\":\"Home\",\"item\":\"https:\\\/\\\/conference2024.crta.rs\\\/sr\\\/\"},{\"@type\":\"ListItem\",\"position\":2,\"name\":\"Superizborna godina; oko 3,7 milijardi ljudi glasa 2024. godine. Da li taj broj izaziva strah ili daje nadu?\"}]},{\"@type\":\"WebSite\",\"@id\":\"https:\\\/\\\/conference2024.crta.rs\\\/#website\",\"url\":\"https:\\\/\\\/conference2024.crta.rs\\\/\",\"name\":\"Conference 2024\",\"description\":\"In Effect, Do We Elect\",\"potentialAction\":[{\"@type\":\"SearchAction\",\"target\":{\"@type\":\"EntryPoint\",\"urlTemplate\":\"https:\\\/\\\/conference2024.crta.rs\\\/?s={search_term_string}\"},\"query-input\":{\"@type\":\"PropertyValueSpecification\",\"valueRequired\":true,\"valueName\":\"search_term_string\"}}],\"inLanguage\":\"sr-RS\"},{\"@type\":\"Person\",\"@id\":\"https:\\\/\\\/conference2024.crta.rs\\\/#\\\/schema\\\/person\\\/5ef2fa22aa12b808639f91410b1bd3eb\",\"name\":\"Bozana Opacic\",\"url\":\"https:\\\/\\\/conference2024.crta.rs\\\/sr\\\/author\\\/bozana\\\/\"}]}<\/script>\n<!-- \/ Yoast SEO plugin. -->","yoast_head_json":{"title":"Superizborna godina; oko 3,7 milijardi ljudi glasa 2024. godine. Da li taj broj izaziva strah ili daje nadu? - Conference 2024","robots":{"index":"index","follow":"follow","max-snippet":"max-snippet:-1","max-image-preview":"max-image-preview:large","max-video-preview":"max-video-preview:-1"},"canonical":"https:\/\/conference2024.crta.rs\/sr\/vesti\/superizborna-godina-oko-37-milijardi-ljudi-glasa-2024-godine-da-li-taj-broj-izaziva-strah-ili-daje-nadu\/","og_locale":"sr_RS","og_type":"article","og_title":"Superizborna godina; oko 3,7 milijardi ljudi glasa 2024. godine. Da li taj broj izaziva strah ili daje nadu? - Conference 2024","og_description":"Superizbornu godinu obele\u017eava vi\u0161e strah nego nada &#8211; zbog uspona desnice, ja\u010danja autokratija, ali i politi\u010dkih elita koje, nemaju\u0107i re\u0161enja za krize i konflikte, vladavinu prava stavljaju u drugi plan. Pobeda Donalda Trampa bi izbacila temu demokratije iz narativa u regionu, a svi pozitivni primeri, poput Poljske, svedo\u010de da borba za izborne uslove i kvalitet","og_url":"https:\/\/conference2024.crta.rs\/sr\/vesti\/superizborna-godina-oko-37-milijardi-ljudi-glasa-2024-godine-da-li-taj-broj-izaziva-strah-ili-daje-nadu\/","og_site_name":"Conference 2024","article_published_time":"2024-10-23T11:26:28+00:00","article_modified_time":"2024-10-26T10:01:01+00:00","og_image":[{"width":1616,"height":1080,"url":"https:\/\/conference2024.crta.rs\/wp-content\/uploads\/2024\/10\/RIS08174.jpg","type":"image\/jpeg"}],"author":"Bozana Opacic","twitter_card":"summary_large_image","twitter_misc":{"\u041d\u0430\u043f\u0438\u0441\u0430\u043d\u043e \u043e\u0434":"Bozana Opacic","\u041f\u0440\u043e\u0446\u0435\u045a\u0435\u043d\u043e \u0432\u0440\u0435\u043c\u0435 \u0447\u0438\u0442\u0430\u045a\u0430":"3 \u043c\u0438\u043d\u0443\u0442\u0430"},"schema":{"@context":"https:\/\/schema.org","@graph":[{"@type":"Article","@id":"https:\/\/conference2024.crta.rs\/sr\/vesti\/superizborna-godina-oko-37-milijardi-ljudi-glasa-2024-godine-da-li-taj-broj-izaziva-strah-ili-daje-nadu\/#article","isPartOf":{"@id":"https:\/\/conference2024.crta.rs\/sr\/vesti\/superizborna-godina-oko-37-milijardi-ljudi-glasa-2024-godine-da-li-taj-broj-izaziva-strah-ili-daje-nadu\/"},"author":{"name":"Bozana Opacic","@id":"https:\/\/conference2024.crta.rs\/#\/schema\/person\/5ef2fa22aa12b808639f91410b1bd3eb"},"headline":"Superizborna godina; oko 3,7 milijardi ljudi glasa 2024. godine. Da li taj broj izaziva strah ili daje nadu?","datePublished":"2024-10-23T11:26:28+00:00","dateModified":"2024-10-26T10:01:01+00:00","mainEntityOfPage":{"@id":"https:\/\/conference2024.crta.rs\/sr\/vesti\/superizborna-godina-oko-37-milijardi-ljudi-glasa-2024-godine-da-li-taj-broj-izaziva-strah-ili-daje-nadu\/"},"wordCount":579,"image":{"@id":"https:\/\/conference2024.crta.rs\/sr\/vesti\/superizborna-godina-oko-37-milijardi-ljudi-glasa-2024-godine-da-li-taj-broj-izaziva-strah-ili-daje-nadu\/#primaryimage"},"thumbnailUrl":"https:\/\/conference2024.crta.rs\/wp-content\/uploads\/2024\/10\/RIS08174.jpg","articleSection":["Vesti"],"inLanguage":"sr-RS"},{"@type":"WebPage","@id":"https:\/\/conference2024.crta.rs\/sr\/vesti\/superizborna-godina-oko-37-milijardi-ljudi-glasa-2024-godine-da-li-taj-broj-izaziva-strah-ili-daje-nadu\/","url":"https:\/\/conference2024.crta.rs\/sr\/vesti\/superizborna-godina-oko-37-milijardi-ljudi-glasa-2024-godine-da-li-taj-broj-izaziva-strah-ili-daje-nadu\/","name":"Superizborna godina; oko 3,7 milijardi ljudi glasa 2024. godine. Da li taj broj izaziva strah ili daje nadu? - Conference 2024","isPartOf":{"@id":"https:\/\/conference2024.crta.rs\/#website"},"primaryImageOfPage":{"@id":"https:\/\/conference2024.crta.rs\/sr\/vesti\/superizborna-godina-oko-37-milijardi-ljudi-glasa-2024-godine-da-li-taj-broj-izaziva-strah-ili-daje-nadu\/#primaryimage"},"image":{"@id":"https:\/\/conference2024.crta.rs\/sr\/vesti\/superizborna-godina-oko-37-milijardi-ljudi-glasa-2024-godine-da-li-taj-broj-izaziva-strah-ili-daje-nadu\/#primaryimage"},"thumbnailUrl":"https:\/\/conference2024.crta.rs\/wp-content\/uploads\/2024\/10\/RIS08174.jpg","datePublished":"2024-10-23T11:26:28+00:00","dateModified":"2024-10-26T10:01:01+00:00","author":{"@id":"https:\/\/conference2024.crta.rs\/#\/schema\/person\/5ef2fa22aa12b808639f91410b1bd3eb"},"breadcrumb":{"@id":"https:\/\/conference2024.crta.rs\/sr\/vesti\/superizborna-godina-oko-37-milijardi-ljudi-glasa-2024-godine-da-li-taj-broj-izaziva-strah-ili-daje-nadu\/#breadcrumb"},"inLanguage":"sr-RS","potentialAction":[{"@type":"ReadAction","target":["https:\/\/conference2024.crta.rs\/sr\/vesti\/superizborna-godina-oko-37-milijardi-ljudi-glasa-2024-godine-da-li-taj-broj-izaziva-strah-ili-daje-nadu\/"]}]},{"@type":"ImageObject","inLanguage":"sr-RS","@id":"https:\/\/conference2024.crta.rs\/sr\/vesti\/superizborna-godina-oko-37-milijardi-ljudi-glasa-2024-godine-da-li-taj-broj-izaziva-strah-ili-daje-nadu\/#primaryimage","url":"https:\/\/conference2024.crta.rs\/wp-content\/uploads\/2024\/10\/RIS08174.jpg","contentUrl":"https:\/\/conference2024.crta.rs\/wp-content\/uploads\/2024\/10\/RIS08174.jpg","width":1616,"height":1080},{"@type":"BreadcrumbList","@id":"https:\/\/conference2024.crta.rs\/sr\/vesti\/superizborna-godina-oko-37-milijardi-ljudi-glasa-2024-godine-da-li-taj-broj-izaziva-strah-ili-daje-nadu\/#breadcrumb","itemListElement":[{"@type":"ListItem","position":1,"name":"Home","item":"https:\/\/conference2024.crta.rs\/sr\/"},{"@type":"ListItem","position":2,"name":"Superizborna godina; oko 3,7 milijardi ljudi glasa 2024. godine. Da li taj broj izaziva strah ili daje nadu?"}]},{"@type":"WebSite","@id":"https:\/\/conference2024.crta.rs\/#website","url":"https:\/\/conference2024.crta.rs\/","name":"Conference 2024","description":"In Effect, Do We Elect","potentialAction":[{"@type":"SearchAction","target":{"@type":"EntryPoint","urlTemplate":"https:\/\/conference2024.crta.rs\/?s={search_term_string}"},"query-input":{"@type":"PropertyValueSpecification","valueRequired":true,"valueName":"search_term_string"}}],"inLanguage":"sr-RS"},{"@type":"Person","@id":"https:\/\/conference2024.crta.rs\/#\/schema\/person\/5ef2fa22aa12b808639f91410b1bd3eb","name":"Bozana Opacic","url":"https:\/\/conference2024.crta.rs\/sr\/author\/bozana\/"}]}},"_links":{"self":[{"href":"https:\/\/conference2024.crta.rs\/sr\/wp-json\/wp\/v2\/posts\/4575","targetHints":{"allow":["GET"]}}],"collection":[{"href":"https:\/\/conference2024.crta.rs\/sr\/wp-json\/wp\/v2\/posts"}],"about":[{"href":"https:\/\/conference2024.crta.rs\/sr\/wp-json\/wp\/v2\/types\/post"}],"author":[{"embeddable":true,"href":"https:\/\/conference2024.crta.rs\/sr\/wp-json\/wp\/v2\/users\/4"}],"replies":[{"embeddable":true,"href":"https:\/\/conference2024.crta.rs\/sr\/wp-json\/wp\/v2\/comments?post=4575"}],"version-history":[{"count":3,"href":"https:\/\/conference2024.crta.rs\/sr\/wp-json\/wp\/v2\/posts\/4575\/revisions"}],"predecessor-version":[{"id":4625,"href":"https:\/\/conference2024.crta.rs\/sr\/wp-json\/wp\/v2\/posts\/4575\/revisions\/4625"}],"wp:featuredmedia":[{"embeddable":true,"href":"https:\/\/conference2024.crta.rs\/sr\/wp-json\/wp\/v2\/media\/4576"}],"wp:attachment":[{"href":"https:\/\/conference2024.crta.rs\/sr\/wp-json\/wp\/v2\/media?parent=4575"}],"wp:term":[{"taxonomy":"category","embeddable":true,"href":"https:\/\/conference2024.crta.rs\/sr\/wp-json\/wp\/v2\/categories?post=4575"},{"taxonomy":"post_tag","embeddable":true,"href":"https:\/\/conference2024.crta.rs\/sr\/wp-json\/wp\/v2\/tags?post=4575"}],"curies":[{"name":"wp","href":"https:\/\/api.w.org\/{rel}","templated":true}]}}