{"id":4559,"date":"2024-10-22T12:34:52","date_gmt":"2024-10-22T12:34:52","guid":{"rendered":"https:\/\/conference2024.crta.rs\/?p=4559"},"modified":"2024-10-22T12:34:52","modified_gmt":"2024-10-22T12:34:52","slug":"mreze-uticaji-lajkovi-imamo-li-izbora","status":"publish","type":"post","link":"https:\/\/conference2024.crta.rs\/sr\/vesti\/mreze-uticaji-lajkovi-imamo-li-izbora\/","title":{"rendered":"Mre\u017ee, uticaji, lajkovi: Imamo li izbora?"},"content":{"rendered":"<p><span style=\"font-weight: 400;\">Jer politika nije samo za politi\u010dare, i politika nije samo ono \u0161to se de\u0161ava u Skup\u0161tini, politika je i to kada \u017eelimo da imamo klime u porodili\u0161tima, i kada ho\u0107emo besplatno zdravstvo, ili da poro\u0111aj pro\u0111e bez briga. Svaka od sagovornica se, na sebi svojstveni na\u010din, zalagala za temu koja je od dru\u0161tvenog zna\u010daja. Kroz razgovor bismo voleli da dalje podstaknemo goste doga\u0111aja na to da mogu da se zala\u017eu za bitne teme, bez da sebi zaprljaju ruke.<\/span><\/p>\n<p>O svemu ovome razgovaramo sa onima koje su izabrale da ne \u0107ute o ovim i sli\u010dnim temama &#8211; Anom Mihajlovski, Marijom Joci\u0107 i Anom Mirkovi\u0107.<\/p>\n<p>Pridru\u017eite nam se u Ku\u0107i umetnica (Gospodar-Jevremova 25) od 18h!<\/p>\n","protected":false},"excerpt":{"rendered":"<p>Jer politika nije samo za politi\u010dare, i politika nije samo ono \u0161to se de\u0161ava u Skup\u0161tini, politika je i to kada \u017eelimo da imamo klime u porodili\u0161tima, i kada ho\u0107emo besplatno zdravstvo, ili da poro\u0111aj pro\u0111e bez briga. Svaka od sagovornica se, na sebi svojstveni na\u010din, zalagala za temu koja je od dru\u0161tvenog zna\u010daja. Kroz<\/p>\n","protected":false},"author":2,"featured_media":4560,"comment_status":"closed","ping_status":"open","sticky":false,"template":"","format":"standard","meta":{"footnotes":""},"categories":[58],"tags":[],"class_list":["post-4559","post","type-post","status-publish","format-standard","has-post-thumbnail","hentry","category-vesti"],"yoast_head":"<!-- This site is optimized with the Yoast SEO plugin v27.4 - https:\/\/yoast.com\/product\/yoast-seo-wordpress\/ -->\n<title>Mre\u017ee, uticaji, lajkovi: Imamo li izbora? - Conference 2024<\/title>\n<meta name=\"robots\" content=\"index, follow, max-snippet:-1, max-image-preview:large, max-video-preview:-1\" \/>\n<link rel=\"canonical\" href=\"https:\/\/conference2024.crta.rs\/sr\/vesti\/mreze-uticaji-lajkovi-imamo-li-izbora\/\" \/>\n<meta property=\"og:locale\" content=\"sr_RS\" \/>\n<meta property=\"og:type\" content=\"article\" \/>\n<meta property=\"og:title\" content=\"Mre\u017ee, uticaji, lajkovi: Imamo li izbora? - Conference 2024\" \/>\n<meta property=\"og:description\" content=\"Jer politika nije samo za politi\u010dare, i politika nije samo ono \u0161to se de\u0161ava u Skup\u0161tini, politika je i to kada \u017eelimo da imamo klime u porodili\u0161tima, i kada ho\u0107emo besplatno zdravstvo, ili da poro\u0111aj pro\u0111e bez briga. Svaka od sagovornica se, na sebi svojstveni na\u010din, zalagala za temu koja je od dru\u0161tvenog zna\u010daja. Kroz\" \/>\n<meta property=\"og:url\" content=\"https:\/\/conference2024.crta.rs\/sr\/vesti\/mreze-uticaji-lajkovi-imamo-li-izbora\/\" \/>\n<meta property=\"og:site_name\" content=\"Conference 2024\" \/>\n<meta property=\"article:published_time\" content=\"2024-10-22T12:34:52+00:00\" \/>\n<meta property=\"og:image\" content=\"https:\/\/conference2024.crta.rs\/wp-content\/uploads\/2024\/10\/imam-li-izbora.png\" \/>\n\t<meta property=\"og:image:width\" content=\"360\" \/>\n\t<meta property=\"og:image:height\" content=\"450\" \/>\n\t<meta property=\"og:image:type\" content=\"image\/png\" \/>\n<meta name=\"author\" content=\"mila\" \/>\n<meta name=\"twitter:card\" content=\"summary_large_image\" \/>\n<meta name=\"twitter:label1\" content=\"\u041d\u0430\u043f\u0438\u0441\u0430\u043d\u043e \u043e\u0434\" \/>\n\t<meta name=\"twitter:data1\" content=\"mila\" \/>\n\t<meta name=\"twitter:label2\" content=\"\u041f\u0440\u043e\u0446\u0435\u045a\u0435\u043d\u043e \u0432\u0440\u0435\u043c\u0435 \u0447\u0438\u0442\u0430\u045a\u0430\" \/>\n\t<meta name=\"twitter:data2\" content=\"1 \u043c\u0438\u043d\u0443\u0442\" \/>\n<script type=\"application\/ld+json\" class=\"yoast-schema-graph\">{\"@context\":\"https:\\\/\\\/schema.org\",\"@graph\":[{\"@type\":\"Article\",\"@id\":\"https:\\\/\\\/conference2024.crta.rs\\\/sr\\\/vesti\\\/mreze-uticaji-lajkovi-imamo-li-izbora\\\/#article\",\"isPartOf\":{\"@id\":\"https:\\\/\\\/conference2024.crta.rs\\\/sr\\\/vesti\\\/mreze-uticaji-lajkovi-imamo-li-izbora\\\/\"},\"author\":{\"name\":\"mila\",\"@id\":\"https:\\\/\\\/conference2024.crta.rs\\\/#\\\/schema\\\/person\\\/d72e1464bfb6f73c140058e1b24167cb\"},\"headline\":\"Mre\u017ee, uticaji, lajkovi: Imamo li izbora?\",\"datePublished\":\"2024-10-22T12:34:52+00:00\",\"mainEntityOfPage\":{\"@id\":\"https:\\\/\\\/conference2024.crta.rs\\\/sr\\\/vesti\\\/mreze-uticaji-lajkovi-imamo-li-izbora\\\/\"},\"wordCount\":134,\"image\":{\"@id\":\"https:\\\/\\\/conference2024.crta.rs\\\/sr\\\/vesti\\\/mreze-uticaji-lajkovi-imamo-li-izbora\\\/#primaryimage\"},\"thumbnailUrl\":\"https:\\\/\\\/conference2024.crta.rs\\\/wp-content\\\/uploads\\\/2024\\\/10\\\/imam-li-izbora.png\",\"articleSection\":[\"Vesti\"],\"inLanguage\":\"sr-RS\"},{\"@type\":\"WebPage\",\"@id\":\"https:\\\/\\\/conference2024.crta.rs\\\/sr\\\/vesti\\\/mreze-uticaji-lajkovi-imamo-li-izbora\\\/\",\"url\":\"https:\\\/\\\/conference2024.crta.rs\\\/sr\\\/vesti\\\/mreze-uticaji-lajkovi-imamo-li-izbora\\\/\",\"name\":\"Mre\u017ee, uticaji, lajkovi: Imamo li izbora? - Conference 2024\",\"isPartOf\":{\"@id\":\"https:\\\/\\\/conference2024.crta.rs\\\/#website\"},\"primaryImageOfPage\":{\"@id\":\"https:\\\/\\\/conference2024.crta.rs\\\/sr\\\/vesti\\\/mreze-uticaji-lajkovi-imamo-li-izbora\\\/#primaryimage\"},\"image\":{\"@id\":\"https:\\\/\\\/conference2024.crta.rs\\\/sr\\\/vesti\\\/mreze-uticaji-lajkovi-imamo-li-izbora\\\/#primaryimage\"},\"thumbnailUrl\":\"https:\\\/\\\/conference2024.crta.rs\\\/wp-content\\\/uploads\\\/2024\\\/10\\\/imam-li-izbora.png\",\"datePublished\":\"2024-10-22T12:34:52+00:00\",\"author\":{\"@id\":\"https:\\\/\\\/conference2024.crta.rs\\\/#\\\/schema\\\/person\\\/d72e1464bfb6f73c140058e1b24167cb\"},\"breadcrumb\":{\"@id\":\"https:\\\/\\\/conference2024.crta.rs\\\/sr\\\/vesti\\\/mreze-uticaji-lajkovi-imamo-li-izbora\\\/#breadcrumb\"},\"inLanguage\":\"sr-RS\",\"potentialAction\":[{\"@type\":\"ReadAction\",\"target\":[\"https:\\\/\\\/conference2024.crta.rs\\\/sr\\\/vesti\\\/mreze-uticaji-lajkovi-imamo-li-izbora\\\/\"]}]},{\"@type\":\"ImageObject\",\"inLanguage\":\"sr-RS\",\"@id\":\"https:\\\/\\\/conference2024.crta.rs\\\/sr\\\/vesti\\\/mreze-uticaji-lajkovi-imamo-li-izbora\\\/#primaryimage\",\"url\":\"https:\\\/\\\/conference2024.crta.rs\\\/wp-content\\\/uploads\\\/2024\\\/10\\\/imam-li-izbora.png\",\"contentUrl\":\"https:\\\/\\\/conference2024.crta.rs\\\/wp-content\\\/uploads\\\/2024\\\/10\\\/imam-li-izbora.png\",\"width\":360,\"height\":450},{\"@type\":\"BreadcrumbList\",\"@id\":\"https:\\\/\\\/conference2024.crta.rs\\\/sr\\\/vesti\\\/mreze-uticaji-lajkovi-imamo-li-izbora\\\/#breadcrumb\",\"itemListElement\":[{\"@type\":\"ListItem\",\"position\":1,\"name\":\"Home\",\"item\":\"https:\\\/\\\/conference2024.crta.rs\\\/sr\\\/\"},{\"@type\":\"ListItem\",\"position\":2,\"name\":\"Mre\u017ee, uticaji, lajkovi: Imamo li izbora?\"}]},{\"@type\":\"WebSite\",\"@id\":\"https:\\\/\\\/conference2024.crta.rs\\\/#website\",\"url\":\"https:\\\/\\\/conference2024.crta.rs\\\/\",\"name\":\"Conference 2024\",\"description\":\"In Effect, Do We Elect\",\"potentialAction\":[{\"@type\":\"SearchAction\",\"target\":{\"@type\":\"EntryPoint\",\"urlTemplate\":\"https:\\\/\\\/conference2024.crta.rs\\\/?s={search_term_string}\"},\"query-input\":{\"@type\":\"PropertyValueSpecification\",\"valueRequired\":true,\"valueName\":\"search_term_string\"}}],\"inLanguage\":\"sr-RS\"},{\"@type\":\"Person\",\"@id\":\"https:\\\/\\\/conference2024.crta.rs\\\/#\\\/schema\\\/person\\\/d72e1464bfb6f73c140058e1b24167cb\",\"name\":\"mila\",\"url\":\"https:\\\/\\\/conference2024.crta.rs\\\/sr\\\/author\\\/mila\\\/\"}]}<\/script>\n<!-- \/ Yoast SEO plugin. -->","yoast_head_json":{"title":"Mre\u017ee, uticaji, lajkovi: Imamo li izbora? - Conference 2024","robots":{"index":"index","follow":"follow","max-snippet":"max-snippet:-1","max-image-preview":"max-image-preview:large","max-video-preview":"max-video-preview:-1"},"canonical":"https:\/\/conference2024.crta.rs\/sr\/vesti\/mreze-uticaji-lajkovi-imamo-li-izbora\/","og_locale":"sr_RS","og_type":"article","og_title":"Mre\u017ee, uticaji, lajkovi: Imamo li izbora? - Conference 2024","og_description":"Jer politika nije samo za politi\u010dare, i politika nije samo ono \u0161to se de\u0161ava u Skup\u0161tini, politika je i to kada \u017eelimo da imamo klime u porodili\u0161tima, i kada ho\u0107emo besplatno zdravstvo, ili da poro\u0111aj pro\u0111e bez briga. Svaka od sagovornica se, na sebi svojstveni na\u010din, zalagala za temu koja je od dru\u0161tvenog zna\u010daja. Kroz","og_url":"https:\/\/conference2024.crta.rs\/sr\/vesti\/mreze-uticaji-lajkovi-imamo-li-izbora\/","og_site_name":"Conference 2024","article_published_time":"2024-10-22T12:34:52+00:00","og_image":[{"width":360,"height":450,"url":"https:\/\/conference2024.crta.rs\/wp-content\/uploads\/2024\/10\/imam-li-izbora.png","type":"image\/png"}],"author":"mila","twitter_card":"summary_large_image","twitter_misc":{"\u041d\u0430\u043f\u0438\u0441\u0430\u043d\u043e \u043e\u0434":"mila","\u041f\u0440\u043e\u0446\u0435\u045a\u0435\u043d\u043e \u0432\u0440\u0435\u043c\u0435 \u0447\u0438\u0442\u0430\u045a\u0430":"1 \u043c\u0438\u043d\u0443\u0442"},"schema":{"@context":"https:\/\/schema.org","@graph":[{"@type":"Article","@id":"https:\/\/conference2024.crta.rs\/sr\/vesti\/mreze-uticaji-lajkovi-imamo-li-izbora\/#article","isPartOf":{"@id":"https:\/\/conference2024.crta.rs\/sr\/vesti\/mreze-uticaji-lajkovi-imamo-li-izbora\/"},"author":{"name":"mila","@id":"https:\/\/conference2024.crta.rs\/#\/schema\/person\/d72e1464bfb6f73c140058e1b24167cb"},"headline":"Mre\u017ee, uticaji, lajkovi: Imamo li izbora?","datePublished":"2024-10-22T12:34:52+00:00","mainEntityOfPage":{"@id":"https:\/\/conference2024.crta.rs\/sr\/vesti\/mreze-uticaji-lajkovi-imamo-li-izbora\/"},"wordCount":134,"image":{"@id":"https:\/\/conference2024.crta.rs\/sr\/vesti\/mreze-uticaji-lajkovi-imamo-li-izbora\/#primaryimage"},"thumbnailUrl":"https:\/\/conference2024.crta.rs\/wp-content\/uploads\/2024\/10\/imam-li-izbora.png","articleSection":["Vesti"],"inLanguage":"sr-RS"},{"@type":"WebPage","@id":"https:\/\/conference2024.crta.rs\/sr\/vesti\/mreze-uticaji-lajkovi-imamo-li-izbora\/","url":"https:\/\/conference2024.crta.rs\/sr\/vesti\/mreze-uticaji-lajkovi-imamo-li-izbora\/","name":"Mre\u017ee, uticaji, lajkovi: Imamo li izbora? - Conference 2024","isPartOf":{"@id":"https:\/\/conference2024.crta.rs\/#website"},"primaryImageOfPage":{"@id":"https:\/\/conference2024.crta.rs\/sr\/vesti\/mreze-uticaji-lajkovi-imamo-li-izbora\/#primaryimage"},"image":{"@id":"https:\/\/conference2024.crta.rs\/sr\/vesti\/mreze-uticaji-lajkovi-imamo-li-izbora\/#primaryimage"},"thumbnailUrl":"https:\/\/conference2024.crta.rs\/wp-content\/uploads\/2024\/10\/imam-li-izbora.png","datePublished":"2024-10-22T12:34:52+00:00","author":{"@id":"https:\/\/conference2024.crta.rs\/#\/schema\/person\/d72e1464bfb6f73c140058e1b24167cb"},"breadcrumb":{"@id":"https:\/\/conference2024.crta.rs\/sr\/vesti\/mreze-uticaji-lajkovi-imamo-li-izbora\/#breadcrumb"},"inLanguage":"sr-RS","potentialAction":[{"@type":"ReadAction","target":["https:\/\/conference2024.crta.rs\/sr\/vesti\/mreze-uticaji-lajkovi-imamo-li-izbora\/"]}]},{"@type":"ImageObject","inLanguage":"sr-RS","@id":"https:\/\/conference2024.crta.rs\/sr\/vesti\/mreze-uticaji-lajkovi-imamo-li-izbora\/#primaryimage","url":"https:\/\/conference2024.crta.rs\/wp-content\/uploads\/2024\/10\/imam-li-izbora.png","contentUrl":"https:\/\/conference2024.crta.rs\/wp-content\/uploads\/2024\/10\/imam-li-izbora.png","width":360,"height":450},{"@type":"BreadcrumbList","@id":"https:\/\/conference2024.crta.rs\/sr\/vesti\/mreze-uticaji-lajkovi-imamo-li-izbora\/#breadcrumb","itemListElement":[{"@type":"ListItem","position":1,"name":"Home","item":"https:\/\/conference2024.crta.rs\/sr\/"},{"@type":"ListItem","position":2,"name":"Mre\u017ee, uticaji, lajkovi: Imamo li izbora?"}]},{"@type":"WebSite","@id":"https:\/\/conference2024.crta.rs\/#website","url":"https:\/\/conference2024.crta.rs\/","name":"Conference 2024","description":"In Effect, Do We Elect","potentialAction":[{"@type":"SearchAction","target":{"@type":"EntryPoint","urlTemplate":"https:\/\/conference2024.crta.rs\/?s={search_term_string}"},"query-input":{"@type":"PropertyValueSpecification","valueRequired":true,"valueName":"search_term_string"}}],"inLanguage":"sr-RS"},{"@type":"Person","@id":"https:\/\/conference2024.crta.rs\/#\/schema\/person\/d72e1464bfb6f73c140058e1b24167cb","name":"mila","url":"https:\/\/conference2024.crta.rs\/sr\/author\/mila\/"}]}},"_links":{"self":[{"href":"https:\/\/conference2024.crta.rs\/sr\/wp-json\/wp\/v2\/posts\/4559","targetHints":{"allow":["GET"]}}],"collection":[{"href":"https:\/\/conference2024.crta.rs\/sr\/wp-json\/wp\/v2\/posts"}],"about":[{"href":"https:\/\/conference2024.crta.rs\/sr\/wp-json\/wp\/v2\/types\/post"}],"author":[{"embeddable":true,"href":"https:\/\/conference2024.crta.rs\/sr\/wp-json\/wp\/v2\/users\/2"}],"replies":[{"embeddable":true,"href":"https:\/\/conference2024.crta.rs\/sr\/wp-json\/wp\/v2\/comments?post=4559"}],"version-history":[{"count":1,"href":"https:\/\/conference2024.crta.rs\/sr\/wp-json\/wp\/v2\/posts\/4559\/revisions"}],"predecessor-version":[{"id":4562,"href":"https:\/\/conference2024.crta.rs\/sr\/wp-json\/wp\/v2\/posts\/4559\/revisions\/4562"}],"wp:featuredmedia":[{"embeddable":true,"href":"https:\/\/conference2024.crta.rs\/sr\/wp-json\/wp\/v2\/media\/4560"}],"wp:attachment":[{"href":"https:\/\/conference2024.crta.rs\/sr\/wp-json\/wp\/v2\/media?parent=4559"}],"wp:term":[{"taxonomy":"category","embeddable":true,"href":"https:\/\/conference2024.crta.rs\/sr\/wp-json\/wp\/v2\/categories?post=4559"},{"taxonomy":"post_tag","embeddable":true,"href":"https:\/\/conference2024.crta.rs\/sr\/wp-json\/wp\/v2\/tags?post=4559"}],"curies":[{"name":"wp","href":"https:\/\/api.w.org\/{rel}","templated":true}]}}