{"id":4496,"date":"2024-10-17T12:42:27","date_gmt":"2024-10-17T12:42:27","guid":{"rendered":"https:\/\/conference2024.crta.rs\/?p=4496"},"modified":"2024-10-18T09:12:44","modified_gmt":"2024-10-18T09:12:44","slug":"izbori-od-a-do-gen-z","status":"publish","type":"post","link":"https:\/\/conference2024.crta.rs\/sr\/vesti\/izbori-od-a-do-gen-z\/","title":{"rendered":"Doga\u0111aj &#8211; Izbori &#8211; od A do gen Z"},"content":{"rendered":"<p>Kao deo me\u0111unarodne konferencije \u201e<a href=\"https:\/\/conference2024.crta.rs\/sr\/\" target=\"_blank\" rel=\"noopener\" data-saferedirecturl=\"https:\/\/www.google.com\/url?q=https:\/\/conference2024.crta.rs\/sr\/&amp;source=gmail&amp;ust=1729254957337000&amp;usg=AOvVaw3LofBjn2L4jUfWEr4J_RF5\">Imamo li izbora<\/a>\u201c Crta organizuje doga\u0111aj za mlade po nazivom \u201e<b>Izbori \u2013 od A do Gen Z<\/b>\u201c. Doga\u0111aj \u0107e se odr\u017eati\u00a0<b>24. oktobra<\/b>\u00a0u\u00a0<b>Prostoru Miljenko Dereta<\/b>\u00a0(Dobra\u010dina 55) sa po\u010detkom\u00a0<b>od 19 \u010dasova<\/b>.<\/p>\n<p><img loading=\"lazy\" decoding=\"async\" class=\"alignnone size-medium wp-image-4497\" src=\"https:\/\/conference2024.crta.rs\/wp-content\/uploads\/2024\/10\/do-this-2-240x300.png\" alt=\"\" width=\"240\" height=\"300\" srcset=\"https:\/\/conference2024.crta.rs\/wp-content\/uploads\/2024\/10\/do-this-2-240x300.png 240w, https:\/\/conference2024.crta.rs\/wp-content\/uploads\/2024\/10\/do-this-2-819x1024.png 819w, https:\/\/conference2024.crta.rs\/wp-content\/uploads\/2024\/10\/do-this-2-768x960.png 768w, https:\/\/conference2024.crta.rs\/wp-content\/uploads\/2024\/10\/do-this-2-360x450.png 360w, https:\/\/conference2024.crta.rs\/wp-content\/uploads\/2024\/10\/do-this-2.png 1080w\" sizes=\"auto, (max-width: 240px) 100vw, 240px\" \/><\/p>\n<p>Procenili smo da postoji na\u0161 zajedni\u010dki cilj, a to je da pokrenemo razgovore mladih o izborima u Srbiji &#8211;\u00a0<b>jer realno, potrebno je<\/b>. Umesto tradicionalnog formata panel diskusije, ovaj doga\u0111aj \u0107e imati formu kviza, sa voditeljkom iz Crte i \u00a0\u010detvoro u\u010desnika &#8211;\u00a0<b>Ninom Pavi\u0107evi\u0107 (Kriti\u010dki)<\/b>,\u00a0<b>Nemanjom Arsi\u0107em<\/b>\u00a0i\u00a0<b>Emilijom Milenkovi\u0107<\/b>\u00a0i\u00a0<b>publikom\u00a0<\/b>kao \u010detvrtim igra\u010dem. Ovim malo druga\u010dijim formatom, \u017eelimo da stvorimo siguran prostor za razgovor o (de)motivaciji mladih da u\u010destvuju u izbornom procesu, uz veliku dozu \u0161ale i zezanja.<\/p>\n<div><img loading=\"lazy\" decoding=\"async\" class=\"alignnone size-medium wp-image-4499\" src=\"https:\/\/conference2024.crta.rs\/wp-content\/uploads\/2024\/10\/5-240x300.png\" alt=\"\" width=\"240\" height=\"300\" srcset=\"https:\/\/conference2024.crta.rs\/wp-content\/uploads\/2024\/10\/5-240x300.png 240w, https:\/\/conference2024.crta.rs\/wp-content\/uploads\/2024\/10\/5-819x1024.png 819w, https:\/\/conference2024.crta.rs\/wp-content\/uploads\/2024\/10\/5-768x960.png 768w, https:\/\/conference2024.crta.rs\/wp-content\/uploads\/2024\/10\/5-360x450.png 360w, https:\/\/conference2024.crta.rs\/wp-content\/uploads\/2024\/10\/5.png 1080w\" sizes=\"auto, (max-width: 240px) 100vw, 240px\" \/><\/div>\n<div>\n<p>Nadamo se da \u0107ete biti u mogu\u0107nosti da nam se pridru\u017eite.<\/p>\n<div>Mesto je mogu\u0107e rezervisati putem\u00a0<a href=\"https:\/\/forms.gle\/vFN418Z9yqFPfWzU9\" target=\"_blank\" rel=\"noopener\" data-saferedirecturl=\"https:\/\/www.google.com\/url?q=https:\/\/forms.gle\/vFN418Z9yqFPfWzU9&amp;source=gmail&amp;ust=1729254957337000&amp;usg=AOvVaw2dMhOjvBtyGoip8OMdJ86w\">linka\u00a0<\/a>(a neki \u010dak ka\u017eu da je ovaj doga\u0111aj jo\u0161 bolji ako povede\u0161 +1).<\/div>\n<\/div>\n","protected":false},"excerpt":{"rendered":"<p>Kao deo me\u0111unarodne konferencije \u201eImamo li izbora\u201c Crta organizuje doga\u0111aj za mlade po nazivom \u201eIzbori \u2013 od A do Gen Z\u201c. Doga\u0111aj \u0107e se odr\u017eati\u00a024. oktobra\u00a0u\u00a0Prostoru Miljenko Dereta\u00a0(Dobra\u010dina 55) sa po\u010detkom\u00a0od 19 \u010dasova. Procenili smo da postoji na\u0161 zajedni\u010dki cilj, a to je da pokrenemo razgovore mladih o izborima u Srbiji &#8211;\u00a0jer realno, potrebno je.<\/p>\n","protected":false},"author":2,"featured_media":4501,"comment_status":"closed","ping_status":"open","sticky":false,"template":"","format":"standard","meta":{"footnotes":""},"categories":[58],"tags":[],"class_list":["post-4496","post","type-post","status-publish","format-standard","has-post-thumbnail","hentry","category-vesti"],"yoast_head":"<!-- This site is optimized with the Yoast SEO plugin v27.4 - https:\/\/yoast.com\/product\/yoast-seo-wordpress\/ -->\n<title>Doga\u0111aj - Izbori - od A do gen Z - Conference 2024<\/title>\n<meta name=\"description\" content=\"Nije kviz, nije panel - ve\u0107 je ne\u0161to tre\u0107e. Vi\u0161e o doga\u0111aju Izbori od A do gen Z pro\u010ditajte na na\u0161em sajtu.\" \/>\n<meta name=\"robots\" content=\"index, follow, max-snippet:-1, max-image-preview:large, max-video-preview:-1\" \/>\n<link rel=\"canonical\" href=\"https:\/\/conference2024.crta.rs\/sr\/vesti\/izbori-od-a-do-gen-z\/\" \/>\n<meta property=\"og:locale\" content=\"sr_RS\" \/>\n<meta property=\"og:type\" content=\"article\" \/>\n<meta property=\"og:title\" content=\"Doga\u0111aj - Izbori - od A do gen Z - Conference 2024\" \/>\n<meta property=\"og:description\" content=\"Nije kviz, nije panel - ve\u0107 je ne\u0161to tre\u0107e. Vi\u0161e o doga\u0111aju Izbori od A do gen Z pro\u010ditajte na na\u0161em sajtu.\" \/>\n<meta property=\"og:url\" content=\"https:\/\/conference2024.crta.rs\/sr\/vesti\/izbori-od-a-do-gen-z\/\" \/>\n<meta property=\"og:site_name\" content=\"Conference 2024\" \/>\n<meta property=\"article:published_time\" content=\"2024-10-17T12:42:27+00:00\" \/>\n<meta property=\"article:modified_time\" content=\"2024-10-18T09:12:44+00:00\" \/>\n<meta property=\"og:image\" content=\"https:\/\/conference2024.crta.rs\/wp-content\/uploads\/2024\/10\/izbori-od-a-do-gen-z.png\" \/>\n\t<meta property=\"og:image:width\" content=\"940\" \/>\n\t<meta property=\"og:image:height\" content=\"469\" \/>\n\t<meta property=\"og:image:type\" content=\"image\/png\" \/>\n<meta name=\"author\" content=\"mila\" \/>\n<meta name=\"twitter:card\" content=\"summary_large_image\" \/>\n<meta name=\"twitter:label1\" content=\"\u041d\u0430\u043f\u0438\u0441\u0430\u043d\u043e \u043e\u0434\" \/>\n\t<meta name=\"twitter:data1\" content=\"mila\" \/>\n\t<meta name=\"twitter:label2\" content=\"\u041f\u0440\u043e\u0446\u0435\u045a\u0435\u043d\u043e \u0432\u0440\u0435\u043c\u0435 \u0447\u0438\u0442\u0430\u045a\u0430\" \/>\n\t<meta name=\"twitter:data2\" content=\"2 \u043c\u0438\u043d\u0443\u0442\u0430\" \/>\n<script type=\"application\/ld+json\" class=\"yoast-schema-graph\">{\"@context\":\"https:\\\/\\\/schema.org\",\"@graph\":[{\"@type\":\"Article\",\"@id\":\"https:\\\/\\\/conference2024.crta.rs\\\/sr\\\/vesti\\\/izbori-od-a-do-gen-z\\\/#article\",\"isPartOf\":{\"@id\":\"https:\\\/\\\/conference2024.crta.rs\\\/sr\\\/vesti\\\/izbori-od-a-do-gen-z\\\/\"},\"author\":{\"name\":\"mila\",\"@id\":\"https:\\\/\\\/conference2024.crta.rs\\\/#\\\/schema\\\/person\\\/d72e1464bfb6f73c140058e1b24167cb\"},\"headline\":\"Doga\u0111aj &#8211; Izbori &#8211; od A do gen Z\",\"datePublished\":\"2024-10-17T12:42:27+00:00\",\"dateModified\":\"2024-10-18T09:12:44+00:00\",\"mainEntityOfPage\":{\"@id\":\"https:\\\/\\\/conference2024.crta.rs\\\/sr\\\/vesti\\\/izbori-od-a-do-gen-z\\\/\"},\"wordCount\":174,\"image\":{\"@id\":\"https:\\\/\\\/conference2024.crta.rs\\\/sr\\\/vesti\\\/izbori-od-a-do-gen-z\\\/#primaryimage\"},\"thumbnailUrl\":\"https:\\\/\\\/conference2024.crta.rs\\\/wp-content\\\/uploads\\\/2024\\\/10\\\/izbori-od-a-do-gen-z.png\",\"articleSection\":[\"Vesti\"],\"inLanguage\":\"sr-RS\"},{\"@type\":\"WebPage\",\"@id\":\"https:\\\/\\\/conference2024.crta.rs\\\/sr\\\/vesti\\\/izbori-od-a-do-gen-z\\\/\",\"url\":\"https:\\\/\\\/conference2024.crta.rs\\\/sr\\\/vesti\\\/izbori-od-a-do-gen-z\\\/\",\"name\":\"Doga\u0111aj - Izbori - od A do gen Z - Conference 2024\",\"isPartOf\":{\"@id\":\"https:\\\/\\\/conference2024.crta.rs\\\/#website\"},\"primaryImageOfPage\":{\"@id\":\"https:\\\/\\\/conference2024.crta.rs\\\/sr\\\/vesti\\\/izbori-od-a-do-gen-z\\\/#primaryimage\"},\"image\":{\"@id\":\"https:\\\/\\\/conference2024.crta.rs\\\/sr\\\/vesti\\\/izbori-od-a-do-gen-z\\\/#primaryimage\"},\"thumbnailUrl\":\"https:\\\/\\\/conference2024.crta.rs\\\/wp-content\\\/uploads\\\/2024\\\/10\\\/izbori-od-a-do-gen-z.png\",\"datePublished\":\"2024-10-17T12:42:27+00:00\",\"dateModified\":\"2024-10-18T09:12:44+00:00\",\"author\":{\"@id\":\"https:\\\/\\\/conference2024.crta.rs\\\/#\\\/schema\\\/person\\\/d72e1464bfb6f73c140058e1b24167cb\"},\"description\":\"Nije kviz, nije panel - ve\u0107 je ne\u0161to tre\u0107e. Vi\u0161e o doga\u0111aju Izbori od A do gen Z pro\u010ditajte na na\u0161em sajtu.\",\"breadcrumb\":{\"@id\":\"https:\\\/\\\/conference2024.crta.rs\\\/sr\\\/vesti\\\/izbori-od-a-do-gen-z\\\/#breadcrumb\"},\"inLanguage\":\"sr-RS\",\"potentialAction\":[{\"@type\":\"ReadAction\",\"target\":[\"https:\\\/\\\/conference2024.crta.rs\\\/sr\\\/vesti\\\/izbori-od-a-do-gen-z\\\/\"]}]},{\"@type\":\"ImageObject\",\"inLanguage\":\"sr-RS\",\"@id\":\"https:\\\/\\\/conference2024.crta.rs\\\/sr\\\/vesti\\\/izbori-od-a-do-gen-z\\\/#primaryimage\",\"url\":\"https:\\\/\\\/conference2024.crta.rs\\\/wp-content\\\/uploads\\\/2024\\\/10\\\/izbori-od-a-do-gen-z.png\",\"contentUrl\":\"https:\\\/\\\/conference2024.crta.rs\\\/wp-content\\\/uploads\\\/2024\\\/10\\\/izbori-od-a-do-gen-z.png\",\"width\":940,\"height\":469},{\"@type\":\"BreadcrumbList\",\"@id\":\"https:\\\/\\\/conference2024.crta.rs\\\/sr\\\/vesti\\\/izbori-od-a-do-gen-z\\\/#breadcrumb\",\"itemListElement\":[{\"@type\":\"ListItem\",\"position\":1,\"name\":\"Home\",\"item\":\"https:\\\/\\\/conference2024.crta.rs\\\/sr\\\/\"},{\"@type\":\"ListItem\",\"position\":2,\"name\":\"Doga\u0111aj &#8211; Izbori &#8211; od A do gen Z\"}]},{\"@type\":\"WebSite\",\"@id\":\"https:\\\/\\\/conference2024.crta.rs\\\/#website\",\"url\":\"https:\\\/\\\/conference2024.crta.rs\\\/\",\"name\":\"Conference 2024\",\"description\":\"In Effect, Do We Elect\",\"potentialAction\":[{\"@type\":\"SearchAction\",\"target\":{\"@type\":\"EntryPoint\",\"urlTemplate\":\"https:\\\/\\\/conference2024.crta.rs\\\/?s={search_term_string}\"},\"query-input\":{\"@type\":\"PropertyValueSpecification\",\"valueRequired\":true,\"valueName\":\"search_term_string\"}}],\"inLanguage\":\"sr-RS\"},{\"@type\":\"Person\",\"@id\":\"https:\\\/\\\/conference2024.crta.rs\\\/#\\\/schema\\\/person\\\/d72e1464bfb6f73c140058e1b24167cb\",\"name\":\"mila\",\"url\":\"https:\\\/\\\/conference2024.crta.rs\\\/sr\\\/author\\\/mila\\\/\"}]}<\/script>\n<!-- \/ Yoast SEO plugin. -->","yoast_head_json":{"title":"Doga\u0111aj - Izbori - od A do gen Z - Conference 2024","description":"Nije kviz, nije panel - ve\u0107 je ne\u0161to tre\u0107e. Vi\u0161e o doga\u0111aju Izbori od A do gen Z pro\u010ditajte na na\u0161em sajtu.","robots":{"index":"index","follow":"follow","max-snippet":"max-snippet:-1","max-image-preview":"max-image-preview:large","max-video-preview":"max-video-preview:-1"},"canonical":"https:\/\/conference2024.crta.rs\/sr\/vesti\/izbori-od-a-do-gen-z\/","og_locale":"sr_RS","og_type":"article","og_title":"Doga\u0111aj - Izbori - od A do gen Z - Conference 2024","og_description":"Nije kviz, nije panel - ve\u0107 je ne\u0161to tre\u0107e. Vi\u0161e o doga\u0111aju Izbori od A do gen Z pro\u010ditajte na na\u0161em sajtu.","og_url":"https:\/\/conference2024.crta.rs\/sr\/vesti\/izbori-od-a-do-gen-z\/","og_site_name":"Conference 2024","article_published_time":"2024-10-17T12:42:27+00:00","article_modified_time":"2024-10-18T09:12:44+00:00","og_image":[{"width":940,"height":469,"url":"https:\/\/conference2024.crta.rs\/wp-content\/uploads\/2024\/10\/izbori-od-a-do-gen-z.png","type":"image\/png"}],"author":"mila","twitter_card":"summary_large_image","twitter_misc":{"\u041d\u0430\u043f\u0438\u0441\u0430\u043d\u043e \u043e\u0434":"mila","\u041f\u0440\u043e\u0446\u0435\u045a\u0435\u043d\u043e \u0432\u0440\u0435\u043c\u0435 \u0447\u0438\u0442\u0430\u045a\u0430":"2 \u043c\u0438\u043d\u0443\u0442\u0430"},"schema":{"@context":"https:\/\/schema.org","@graph":[{"@type":"Article","@id":"https:\/\/conference2024.crta.rs\/sr\/vesti\/izbori-od-a-do-gen-z\/#article","isPartOf":{"@id":"https:\/\/conference2024.crta.rs\/sr\/vesti\/izbori-od-a-do-gen-z\/"},"author":{"name":"mila","@id":"https:\/\/conference2024.crta.rs\/#\/schema\/person\/d72e1464bfb6f73c140058e1b24167cb"},"headline":"Doga\u0111aj &#8211; Izbori &#8211; od A do gen Z","datePublished":"2024-10-17T12:42:27+00:00","dateModified":"2024-10-18T09:12:44+00:00","mainEntityOfPage":{"@id":"https:\/\/conference2024.crta.rs\/sr\/vesti\/izbori-od-a-do-gen-z\/"},"wordCount":174,"image":{"@id":"https:\/\/conference2024.crta.rs\/sr\/vesti\/izbori-od-a-do-gen-z\/#primaryimage"},"thumbnailUrl":"https:\/\/conference2024.crta.rs\/wp-content\/uploads\/2024\/10\/izbori-od-a-do-gen-z.png","articleSection":["Vesti"],"inLanguage":"sr-RS"},{"@type":"WebPage","@id":"https:\/\/conference2024.crta.rs\/sr\/vesti\/izbori-od-a-do-gen-z\/","url":"https:\/\/conference2024.crta.rs\/sr\/vesti\/izbori-od-a-do-gen-z\/","name":"Doga\u0111aj - Izbori - od A do gen Z - Conference 2024","isPartOf":{"@id":"https:\/\/conference2024.crta.rs\/#website"},"primaryImageOfPage":{"@id":"https:\/\/conference2024.crta.rs\/sr\/vesti\/izbori-od-a-do-gen-z\/#primaryimage"},"image":{"@id":"https:\/\/conference2024.crta.rs\/sr\/vesti\/izbori-od-a-do-gen-z\/#primaryimage"},"thumbnailUrl":"https:\/\/conference2024.crta.rs\/wp-content\/uploads\/2024\/10\/izbori-od-a-do-gen-z.png","datePublished":"2024-10-17T12:42:27+00:00","dateModified":"2024-10-18T09:12:44+00:00","author":{"@id":"https:\/\/conference2024.crta.rs\/#\/schema\/person\/d72e1464bfb6f73c140058e1b24167cb"},"description":"Nije kviz, nije panel - ve\u0107 je ne\u0161to tre\u0107e. Vi\u0161e o doga\u0111aju Izbori od A do gen Z pro\u010ditajte na na\u0161em sajtu.","breadcrumb":{"@id":"https:\/\/conference2024.crta.rs\/sr\/vesti\/izbori-od-a-do-gen-z\/#breadcrumb"},"inLanguage":"sr-RS","potentialAction":[{"@type":"ReadAction","target":["https:\/\/conference2024.crta.rs\/sr\/vesti\/izbori-od-a-do-gen-z\/"]}]},{"@type":"ImageObject","inLanguage":"sr-RS","@id":"https:\/\/conference2024.crta.rs\/sr\/vesti\/izbori-od-a-do-gen-z\/#primaryimage","url":"https:\/\/conference2024.crta.rs\/wp-content\/uploads\/2024\/10\/izbori-od-a-do-gen-z.png","contentUrl":"https:\/\/conference2024.crta.rs\/wp-content\/uploads\/2024\/10\/izbori-od-a-do-gen-z.png","width":940,"height":469},{"@type":"BreadcrumbList","@id":"https:\/\/conference2024.crta.rs\/sr\/vesti\/izbori-od-a-do-gen-z\/#breadcrumb","itemListElement":[{"@type":"ListItem","position":1,"name":"Home","item":"https:\/\/conference2024.crta.rs\/sr\/"},{"@type":"ListItem","position":2,"name":"Doga\u0111aj &#8211; Izbori &#8211; od A do gen Z"}]},{"@type":"WebSite","@id":"https:\/\/conference2024.crta.rs\/#website","url":"https:\/\/conference2024.crta.rs\/","name":"Conference 2024","description":"In Effect, Do We Elect","potentialAction":[{"@type":"SearchAction","target":{"@type":"EntryPoint","urlTemplate":"https:\/\/conference2024.crta.rs\/?s={search_term_string}"},"query-input":{"@type":"PropertyValueSpecification","valueRequired":true,"valueName":"search_term_string"}}],"inLanguage":"sr-RS"},{"@type":"Person","@id":"https:\/\/conference2024.crta.rs\/#\/schema\/person\/d72e1464bfb6f73c140058e1b24167cb","name":"mila","url":"https:\/\/conference2024.crta.rs\/sr\/author\/mila\/"}]}},"_links":{"self":[{"href":"https:\/\/conference2024.crta.rs\/sr\/wp-json\/wp\/v2\/posts\/4496","targetHints":{"allow":["GET"]}}],"collection":[{"href":"https:\/\/conference2024.crta.rs\/sr\/wp-json\/wp\/v2\/posts"}],"about":[{"href":"https:\/\/conference2024.crta.rs\/sr\/wp-json\/wp\/v2\/types\/post"}],"author":[{"embeddable":true,"href":"https:\/\/conference2024.crta.rs\/sr\/wp-json\/wp\/v2\/users\/2"}],"replies":[{"embeddable":true,"href":"https:\/\/conference2024.crta.rs\/sr\/wp-json\/wp\/v2\/comments?post=4496"}],"version-history":[{"count":2,"href":"https:\/\/conference2024.crta.rs\/sr\/wp-json\/wp\/v2\/posts\/4496\/revisions"}],"predecessor-version":[{"id":4509,"href":"https:\/\/conference2024.crta.rs\/sr\/wp-json\/wp\/v2\/posts\/4496\/revisions\/4509"}],"wp:featuredmedia":[{"embeddable":true,"href":"https:\/\/conference2024.crta.rs\/sr\/wp-json\/wp\/v2\/media\/4501"}],"wp:attachment":[{"href":"https:\/\/conference2024.crta.rs\/sr\/wp-json\/wp\/v2\/media?parent=4496"}],"wp:term":[{"taxonomy":"category","embeddable":true,"href":"https:\/\/conference2024.crta.rs\/sr\/wp-json\/wp\/v2\/categories?post=4496"},{"taxonomy":"post_tag","embeddable":true,"href":"https:\/\/conference2024.crta.rs\/sr\/wp-json\/wp\/v2\/tags?post=4496"}],"curies":[{"name":"wp","href":"https:\/\/api.w.org\/{rel}","templated":true}]}}